{"id":1220886,"date":"2021-02-09T22:38:28","date_gmt":"2021-02-10T04:38:28","guid":{"rendered":"https:\/\/www.acapulcopress.com\/?p=1220886"},"modified":"2021-02-09T22:38:28","modified_gmt":"2021-02-10T04:38:28","slug":"reconoce-conacyt-al-equipo-del-call-center-uagro-por-su-lucha-contra-pandemia","status":"publish","type":"post","link":"https:\/\/www.acapulcopress.com\/index.php\/2021\/02\/09\/reconoce-conacyt-al-equipo-del-call-center-uagro-por-su-lucha-contra-pandemia\/","title":{"rendered":"Reconoce Conacyt al equipo del Call Center UAGro por su lucha contra pandemia"},"content":{"rendered":"<p style=\"text-align: justify;\">CHILPANCINGO. * 9 de febrero de 2021.<br \/>\n<em>] UAGro<\/em>.<\/p>\n<p style=\"text-align: justify;\">El Consejo Nacional de Ciencia y Tecnolog\u00eda (Conacyt) reconoci\u00f3 los esfuerzos realizados del Call Center de la UAGro y el Dr. Gabino Solano Ram\u00edrez, en la disminuci\u00f3n de contagios y brindar atenci\u00f3n psicol\u00f3gica a la poblaci\u00f3n guerrerense.<\/p>\n<p style=\"text-align: justify;\">\u00abEste es el resultado del arduo trabajo que realizaron desde inicio de la pandemia a favor de la comunidad universitaria y de la sociedad guerrerense, nuestro reconocimiento y felicitaciones a quienes hicieron esto posible\u00bb, destac\u00f3 el Rector Javier Salda\u00f1a.<\/p>\n","protected":false},"excerpt":{"rendered":"<p>CHILPANCINGO. * 9 de febrero de 2021. ] UAGro. El Consejo Nacional de Ciencia y Tecnolog\u00eda (Conacyt) reconoci\u00f3 los esfuerzos realizados del Call Center de la UAGro y el Dr. Gabino Solano Ram\u00edrez, en la disminuci\u00f3n de contagios y brindar atenci\u00f3n psicol\u00f3gica a la poblaci\u00f3n guerrerense. \u00abEste es el resultado del arduo trabajo que realizaron&#8230;<\/p>\n","protected":false},"author":2,"featured_media":1220887,"comment_status":"closed","ping_status":"closed","sticky":false,"template":"","format":"standard","meta":{"footnotes":""},"categories":[18561,2016],"tags":[4990,6485,6705,10644,17463,17610],"class_list":["post-1220886","post","type-post","status-publish","format-standard","has-post-thumbnail","hentry","category-society-politics","category-uagro-society-politics","tag-call-center-uagro","tag-consejo-nacional-de-ciencia-y-tecnologia-conacyt","tag-covid19","tag-javier-saldana-almazan","tag-uagro","tag-universidad-autonoma-de-guerrero-uagro"],"_links":{"self":[{"href":"https:\/\/www.acapulcopress.com\/index.php\/wp-json\/wp\/v2\/posts\/1220886","targetHints":{"allow":["GET"]}}],"collection":[{"href":"https:\/\/www.acapulcopress.com\/index.php\/wp-json\/wp\/v2\/posts"}],"about":[{"href":"https:\/\/www.acapulcopress.com\/index.php\/wp-json\/wp\/v2\/types\/post"}],"author":[{"embeddable":true,"href":"https:\/\/www.acapulcopress.com\/index.php\/wp-json\/wp\/v2\/users\/2"}],"replies":[{"embeddable":true,"href":"https:\/\/www.acapulcopress.com\/index.php\/wp-json\/wp\/v2\/comments?post=1220886"}],"version-history":[{"count":0,"href":"https:\/\/www.acapulcopress.com\/index.php\/wp-json\/wp\/v2\/posts\/1220886\/revisions"}],"wp:featuredmedia":[{"embeddable":true,"href":"https:\/\/www.acapulcopress.com\/index.php\/wp-json\/"}],"wp:attachment":[{"href":"https:\/\/www.acapulcopress.com\/index.php\/wp-json\/wp\/v2\/media?parent=1220886"}],"wp:term":[{"taxonomy":"category","embeddable":true,"href":"https:\/\/www.acapulcopress.com\/index.php\/wp-json\/wp\/v2\/categories?post=1220886"},{"taxonomy":"post_tag","embeddable":true,"href":"https:\/\/www.acapulcopress.com\/index.php\/wp-json\/wp\/v2\/tags?post=1220886"}],"curies":[{"name":"wp","href":"https:\/\/api.w.org\/{rel}","templated":true}]}}