{"id":1220896,"date":"2021-02-09T23:38:29","date_gmt":"2021-02-10T05:38:29","guid":{"rendered":"https:\/\/www.acapulcopress.com\/?p=1220896"},"modified":"2021-02-09T23:38:29","modified_gmt":"2021-02-10T05:38:29","slug":"investiga-fiscalia-ataque-armado-en-urvan-de-xalatzala-tlapa","status":"publish","type":"post","link":"https:\/\/www.acapulcopress.com\/index.php\/2021\/02\/09\/investiga-fiscalia-ataque-armado-en-urvan-de-xalatzala-tlapa\/","title":{"rendered":"Investiga Fiscal\u00eda ataque armado en urvan de Xalatzala, Tlapa"},"content":{"rendered":"<p style=\"text-align: justify;\">CHILPANCINGO. * 9 de febrero de 2021.<br \/>\n<em>] <a href=\"https:\/\/fiscaliaguerrero.gob.mx.\" target=\"_blank\" rel=\"noopener\">https:\/\/fiscaliaguerrero.gob.mx.<\/a><\/em><\/p>\n<p style=\"text-align: justify;\">La Fiscal\u00eda General del Estado investiga la agresi\u00f3n con arma de fuego a cuatro personas a bordo de una unidad del servicio de transporte p\u00fablico, en la poblaci\u00f3n de Xalatzala en Tlapa de Comonfort, regi\u00f3n Monta\u00f1a.<\/p>\n<p style=\"text-align: justify;\">De acuerdo a los hechos, personas del sexo masculino que portaban armas de fuego agredieron a la urvan marcada con el n\u00famero econ\u00f3mico 38, resultando cuatro personas heridas en el lugar, quienes de inmediato recibieron atenci\u00f3n m\u00e9dica.<\/p>\n<p style=\"text-align: justify;\">La Fiscal\u00eda General del Estado de Guerrero continuar\u00e1 las indagatorias para dar seguimiento a la carpeta de investigaci\u00f3n iniciada, adem\u00e1s de coordinar a elementos de la Polic\u00eda Ministerial junto a Polic\u00edas Estatales para mediante operativo ubicar a los probables responsables de este hecho.<\/p>\n","protected":false},"excerpt":{"rendered":"<p>CHILPANCINGO. * 9 de febrero de 2021. ] https:\/\/fiscaliaguerrero.gob.mx. La Fiscal\u00eda General del Estado investiga la agresi\u00f3n con arma de fuego a cuatro personas a bordo de una unidad del servicio de transporte p\u00fablico, en la poblaci\u00f3n de Xalatzala en Tlapa de Comonfort, regi\u00f3n Monta\u00f1a. De acuerdo a los hechos, personas del sexo masculino que&#8230;<\/p>\n","protected":false},"author":2,"featured_media":1220898,"comment_status":"closed","ping_status":"closed","sticky":false,"template":"","format":"standard","meta":{"footnotes":""},"categories":[18561,2005],"tags":[8682,10946,14737],"class_list":["post-1220896","post","type-post","status-publish","format-standard","has-post-thumbnail","hentry","category-society-politics","category-seguridad-y-justicia","tag-fiscalia-general-de-guerrero-fge","tag-jorge-zuriel-de-los-santos-barrila","tag-policia-ministerial-de-guerrero"],"_links":{"self":[{"href":"https:\/\/www.acapulcopress.com\/index.php\/wp-json\/wp\/v2\/posts\/1220896","targetHints":{"allow":["GET"]}}],"collection":[{"href":"https:\/\/www.acapulcopress.com\/index.php\/wp-json\/wp\/v2\/posts"}],"about":[{"href":"https:\/\/www.acapulcopress.com\/index.php\/wp-json\/wp\/v2\/types\/post"}],"author":[{"embeddable":true,"href":"https:\/\/www.acapulcopress.com\/index.php\/wp-json\/wp\/v2\/users\/2"}],"replies":[{"embeddable":true,"href":"https:\/\/www.acapulcopress.com\/index.php\/wp-json\/wp\/v2\/comments?post=1220896"}],"version-history":[{"count":0,"href":"https:\/\/www.acapulcopress.com\/index.php\/wp-json\/wp\/v2\/posts\/1220896\/revisions"}],"wp:featuredmedia":[{"embeddable":true,"href":"https:\/\/www.acapulcopress.com\/index.php\/wp-json\/"}],"wp:attachment":[{"href":"https:\/\/www.acapulcopress.com\/index.php\/wp-json\/wp\/v2\/media?parent=1220896"}],"wp:term":[{"taxonomy":"category","embeddable":true,"href":"https:\/\/www.acapulcopress.com\/index.php\/wp-json\/wp\/v2\/categories?post=1220896"},{"taxonomy":"post_tag","embeddable":true,"href":"https:\/\/www.acapulcopress.com\/index.php\/wp-json\/wp\/v2\/tags?post=1220896"}],"curies":[{"name":"wp","href":"https:\/\/api.w.org\/{rel}","templated":true}]}}