{"id":1220903,"date":"2021-02-09T09:44:17","date_gmt":"2021-02-09T15:44:17","guid":{"rendered":"https:\/\/www.acapulcopress.com\/?p=1220903"},"modified":"2021-02-09T09:44:17","modified_gmt":"2021-02-09T15:44:17","slug":"felicita-saldana-a-docentes-estudiantes-y-egresados-de-odontologia","status":"publish","type":"post","link":"https:\/\/www.acapulcopress.com\/index.php\/2021\/02\/09\/felicita-saldana-a-docentes-estudiantes-y-egresados-de-odontologia\/","title":{"rendered":"Felicita Salda\u00f1a a docentes, estudiantes y egresados de Odontolog\u00eda"},"content":{"rendered":"<p>CHILPANCINGO. * 9 de febrero de 2021.<br \/>\n<em>] UAGro.<\/em><\/p>\n<p style=\"text-align: justify;\">En el #D\u00edaDelOdont\u00f3logo y la odont\u00f3loga, felicitamos a nuestros estudiantes, docentes y egresados, por realizar la importante labor de prevenir enfermedades estomatol\u00f3gicas y promover la salud bucal entre la poblaci\u00f3n guerrerense. Muchas felicidades por su destacado trabajo.<br \/>\n<em>&#8212; Dr. Javier Salda\u00f1a, Rector de UAGro.<\/em><\/p>\n","protected":false},"excerpt":{"rendered":"<p>CHILPANCINGO. * 9 de febrero de 2021. ] UAGro. En el #D\u00edaDelOdont\u00f3logo y la odont\u00f3loga, felicitamos a nuestros estudiantes, docentes y egresados, por realizar la importante labor de prevenir enfermedades estomatol\u00f3gicas y promover la salud bucal entre la poblaci\u00f3n guerrerense. Muchas felicidades por su destacado trabajo. &#8212; Dr. Javier Salda\u00f1a, Rector de UAGro.<\/p>\n","protected":false},"author":2,"featured_media":1220897,"comment_status":"closed","ping_status":"closed","sticky":false,"template":"","format":"standard","meta":{"footnotes":""},"categories":[18561,2016],"tags":[2665,10640,17463],"class_list":["post-1220903","post","type-post","status-publish","format-standard","has-post-thumbnail","hentry","category-society-politics","category-uagro-society-politics","tag-diadelodontologo","tag-javier-saldana","tag-uagro"],"_links":{"self":[{"href":"https:\/\/www.acapulcopress.com\/index.php\/wp-json\/wp\/v2\/posts\/1220903","targetHints":{"allow":["GET"]}}],"collection":[{"href":"https:\/\/www.acapulcopress.com\/index.php\/wp-json\/wp\/v2\/posts"}],"about":[{"href":"https:\/\/www.acapulcopress.com\/index.php\/wp-json\/wp\/v2\/types\/post"}],"author":[{"embeddable":true,"href":"https:\/\/www.acapulcopress.com\/index.php\/wp-json\/wp\/v2\/users\/2"}],"replies":[{"embeddable":true,"href":"https:\/\/www.acapulcopress.com\/index.php\/wp-json\/wp\/v2\/comments?post=1220903"}],"version-history":[{"count":0,"href":"https:\/\/www.acapulcopress.com\/index.php\/wp-json\/wp\/v2\/posts\/1220903\/revisions"}],"wp:featuredmedia":[{"embeddable":true,"href":"https:\/\/www.acapulcopress.com\/index.php\/wp-json\/"}],"wp:attachment":[{"href":"https:\/\/www.acapulcopress.com\/index.php\/wp-json\/wp\/v2\/media?parent=1220903"}],"wp:term":[{"taxonomy":"category","embeddable":true,"href":"https:\/\/www.acapulcopress.com\/index.php\/wp-json\/wp\/v2\/categories?post=1220903"},{"taxonomy":"post_tag","embeddable":true,"href":"https:\/\/www.acapulcopress.com\/index.php\/wp-json\/wp\/v2\/tags?post=1220903"}],"curies":[{"name":"wp","href":"https:\/\/api.w.org\/{rel}","templated":true}]}}