{"id":1220908,"date":"2021-02-09T23:59:13","date_gmt":"2021-02-10T05:59:13","guid":{"rendered":"https:\/\/www.acapulcopress.com\/?p=1220908"},"modified":"2021-02-09T23:59:13","modified_gmt":"2021-02-10T05:59:13","slug":"julio-cesar-chavez-volvera-a-pelear-ahora-ante-el-hijo-de-macho-camacho","status":"publish","type":"post","link":"https:\/\/www.acapulcopress.com\/index.php\/2021\/02\/09\/julio-cesar-chavez-volvera-a-pelear-ahora-ante-el-hijo-de-macho-camacho\/","title":{"rendered":"Julio C\u00e9sar Ch\u00e1vez volver\u00e1 a pelear; ahora ante el hijo de \u2018Macho\u2019 Camacho"},"content":{"rendered":"<p style=\"text-align: justify;\">TIJUANA. * 9 de febrero de 2021.<br \/>\n<em>] <a href=\"https:\/\/latinus.us\/2021\/02\/09\/julio-cesar-chavez-hector-machito-camacho-pelea-2021\/\" target=\"_blank\" rel=\"noopener\">Latin US<\/a>.<\/em><\/p>\n<p style=\"text-align: justify;\">Luego de que el a\u00f1o pasado protagoniz\u00f3 una serie de combates ante Jorge \u2018Travieso\u2019 Arce, en 2021 el hist\u00f3rico boxeador mexicano, Julio C\u00e9sar Ch\u00e1vez, volver\u00e1 a pelear, pero esta vez ante el hijo de H\u00e9ctor \u2018Macho\u2019 Camacho.<\/p>\n<p style=\"text-align: justify;\">El combate ser\u00e1 de exhibici\u00f3n el pr\u00f3ximo 19 de junio, se llevar\u00e1 a cabo en Tijuana, y tiene un significado especial, <img loading=\"lazy\" decoding=\"async\" class=\"alignleft size-medium wp-image-1220910\" src=\"https:\/\/www.acapulco.press\/wp-content\/uploads\/2021\/02\/CHAVEZ-VS-MACHO-375x238.jpg\" alt=\"\" width=\"375\" height=\"238\" \/>pues este 2021 se cumplir\u00e1n 29 a\u00f1os (12 de septiembre de 1992) de que Julio C\u00e9sar derrot\u00f3 al puertorrique\u00f1o en Las Vegas, Nevada, por el t\u00edtulo Mundial Superligero del CMB.<\/p>\n<p style=\"text-align: justify;\">H\u00e9ctor Camacho falleci\u00f3 en 2012 a los 50 a\u00f1os de un disparo en su natal Bayam\u00f3n, Puerto Rico, y su hijo del mismo nombre apodado \u2018Machito\u2019 tambi\u00e9n se dedic\u00f3 al boxeo, con una carrera profesional de 59-7-1, aunque no pelea desde 2019.<\/p>\n<p style=\"text-align: justify;\">Ch\u00e1vez tiene 58 a\u00f1os y su pr\u00f3ximo rival 42, pero eso no ser\u00e1 inconveniente para el \u2018Gran Campe\u00f3n Mexicano\u2019, pues Jorge Arce tambi\u00e9n es varios a\u00f1os m\u00e1s joven (41) y no se not\u00f3 dicha diferencia en el ring en la trilog\u00eda de peleas que realizaron.<\/p>\n<p style=\"text-align: justify;\">Este combate corre a cargo de Boristeca y Toscano Boxing, con lo que Sa\u00fal R\u00edos, presidente del primer organismo citado, resalt\u00f3 la importancia de juntar a estos dos personajes: \u201cEs un gran privilegio, es el boxeador m\u00e1s grande de M\u00e9xico, llevo varios a\u00f1os batallando donde nadie volteaba a ver y donde incluso hubo comentarios de que no pasar\u00edamos de la primera funci\u00f3n\u201d.<\/p>\n<p style=\"text-align: justify;\">El 1 de marzo pr\u00f3ximo se dar\u00e1n a conocer mayores detalles de la cartelera, as\u00ed como venta de boletos y las plataformas en la que ser\u00e1 transmitida la funci\u00f3n.<\/p>\n","protected":false},"excerpt":{"rendered":"<p>TIJUANA. * 9 de febrero de 2021. ] Latin US. Luego de que el a\u00f1o pasado protagoniz\u00f3 una serie de combates ante Jorge \u2018Travieso\u2019 Arce, en 2021 el hist\u00f3rico boxeador mexicano, Julio C\u00e9sar Ch\u00e1vez, volver\u00e1 a pelear, pero esta vez ante el hijo de H\u00e9ctor \u2018Macho\u2019 Camacho. El combate ser\u00e1 de exhibici\u00f3n el pr\u00f3ximo 19&#8230;<\/p>\n","protected":false},"author":2,"featured_media":1220909,"comment_status":"closed","ping_status":"closed","sticky":false,"template":"","format":"standard","meta":{"footnotes":""},"categories":[2054,1972,1988,18566],"tags":[6473,9698,11325],"class_list":["post-1220908","post","type-post","status-publish","format-standard","has-post-thumbnail","hentry","category-entertainment","category-special","category-lifestyles","category-sports-lifestyles","tag-consejo-mundial-de-boxeo","tag-hector-machito-camacho","tag-julio-cesar-chavez"],"_links":{"self":[{"href":"https:\/\/www.acapulcopress.com\/index.php\/wp-json\/wp\/v2\/posts\/1220908","targetHints":{"allow":["GET"]}}],"collection":[{"href":"https:\/\/www.acapulcopress.com\/index.php\/wp-json\/wp\/v2\/posts"}],"about":[{"href":"https:\/\/www.acapulcopress.com\/index.php\/wp-json\/wp\/v2\/types\/post"}],"author":[{"embeddable":true,"href":"https:\/\/www.acapulcopress.com\/index.php\/wp-json\/wp\/v2\/users\/2"}],"replies":[{"embeddable":true,"href":"https:\/\/www.acapulcopress.com\/index.php\/wp-json\/wp\/v2\/comments?post=1220908"}],"version-history":[{"count":0,"href":"https:\/\/www.acapulcopress.com\/index.php\/wp-json\/wp\/v2\/posts\/1220908\/revisions"}],"wp:featuredmedia":[{"embeddable":true,"href":"https:\/\/www.acapulcopress.com\/index.php\/wp-json\/"}],"wp:attachment":[{"href":"https:\/\/www.acapulcopress.com\/index.php\/wp-json\/wp\/v2\/media?parent=1220908"}],"wp:term":[{"taxonomy":"category","embeddable":true,"href":"https:\/\/www.acapulcopress.com\/index.php\/wp-json\/wp\/v2\/categories?post=1220908"},{"taxonomy":"post_tag","embeddable":true,"href":"https:\/\/www.acapulcopress.com\/index.php\/wp-json\/wp\/v2\/tags?post=1220908"}],"curies":[{"name":"wp","href":"https:\/\/api.w.org\/{rel}","templated":true}]}}