{"id":1220915,"date":"2021-02-10T00:32:37","date_gmt":"2021-02-10T06:32:37","guid":{"rendered":"https:\/\/www.acapulcopress.com\/?p=1220915"},"modified":"2021-02-10T00:32:37","modified_gmt":"2021-02-10T06:32:37","slug":"150-hombres-contra-candidatura-de-felix","status":"publish","type":"post","link":"https:\/\/www.acapulcopress.com\/index.php\/2021\/02\/10\/150-hombres-contra-candidatura-de-felix\/","title":{"rendered":"150 hombres contra candidatura de F\u00e9lix"},"content":{"rendered":"<p style=\"text-align: justify;\">CIUDAD DE M\u00c9XICO. * 9 de febrero de 2021.<br \/>\n<em>] <a href=\"https:\/\/latinus.us\/2021\/02\/09\/mas-150-hombres-piden-retirar-candidatura-salgado-macedonio-gubernatura-guerrero\/\" target=\"_blank\" rel=\"noopener\">Latin US<\/a>.<\/em><\/p>\n<p style=\"text-align: justify;\">Activistas, periodistas, defensores de derechos humanos y acad\u00e9micos pidieron este martes que se le retire la precandidatura por Morena a F\u00e9lix Salgado Macedonio, aspirante a la gubernatura de Guerrero, acusado de violaci\u00f3n y abuso sexual.<\/p>\n<p style=\"text-align: justify;\">En un desplegado difundido este d\u00eda, m\u00e1s de 150 personas aseguran que se pronuncian por \u201cromper el pacto de silencio y complicidad entre hombres\u201d, adem\u00e1s, se\u00f1alan que una persona bajo investigaci\u00f3n no debe contender por un cargo de elecci\u00f3n popular.<\/p>\n<p style=\"text-align: justify;\">\u201cEl s\u00f3lo hecho de que haya sido presentado como candidato, con la complicidad de toda una organizaci\u00f3n pol\u00edtica, es un esc\u00e1ndalo y una burla a todas las v\u00edctimas de un pa\u00eds con una grave situaci\u00f3n de violencia contras las mujeres, donde m\u00e1s de 10 mueren asesinadas cada d\u00eda y miles m\u00e1s son violentadas\u201d, externaron.<\/p>\n<p style=\"text-align: justify;\">Exhortaron al INE y al Congreso de la Uni\u00f3n a establecer candados para que no se permita la postulaci\u00f3n de personas que han sido se\u00f1aladas y acusadas de violencia de g\u00e9nero.<\/p>\n<p style=\"text-align: justify;\">Explicaron que no comparten el argumento de que si no hay sentencia no hay culpabilidad o responsabilidad, \u201cen un pa\u00eds donde casi el 90% de las v\u00edctimas no denuncia\u201d y las que s\u00ed se atrevieron no obtienen sentencias condenatorias.<\/p>\n<p style=\"text-align: justify;\">Salgado Macedonio mantiene una acusaci\u00f3n por violaci\u00f3n ante la Fiscal\u00eda General de Guerrero, donde se analiza si es procedente solicitar una orden de aprehensi\u00f3n en contra del senador con licencia.<\/p>\n<p style=\"text-align: justify;\">El senador con licencia busca convertirse en el candidato de Morena a la gubernatura del estado de Guerrero, cargo a disputarse el pr\u00f3ximo 6 de junio.<\/p>\n<p style=\"text-align: justify;\">El pasado 31 de enero, el Consejo Estatal de Morena lo ratific\u00f3 como su precandidato a la gubernatura de Guerrero. De acuerdo con el calendario electoral local, el registro debe ocurrir entre el 15 de febrero y el primero de marzo.<\/p>\n<p>Este pronunciamiento viene, luego de que el fin de semana se lanzara un video con la misma exigencia en la voz de mujeres actrices, cineastas y activistas feministas.<\/p>\n<p style=\"text-align: justify;\"><code><\/code><\/p>\n<blockquote class=\"twitter-tweet\">\n<p dir=\"ltr\" lang=\"es\">150 hombres firman contra la candidatura de F\u00e9lix Salgado Macedonio: <a href=\"https:\/\/t.co\/G6WroTfvjv\">pic.twitter.com\/G6WroTfvjv<\/a><\/p>\n<p>\u2014 Karla Iberia S\u00e1nchez (@karlaiberia) <a href=\"https:\/\/twitter.com\/karlaiberia\/status\/1359146022535069696?ref_src=twsrc%5Etfw\">February 9, 2021<\/a><\/p><\/blockquote>\n<p style=\"text-align: justify;\"><script async src=\"https:\/\/platform.twitter.com\/widgets.js\" charset=\"utf-8\"><\/script><\/p>\n<p><img loading=\"lazy\" decoding=\"async\" class=\"alignnone wp-image-1220917 size-large\" src=\"https:\/\/www.acapulco.press\/wp-content\/uploads\/2021\/02\/VS-FELIX-840x1077.jpg\" alt=\"\" width=\"840\" height=\"1077\" \/><br \/>\n<img loading=\"lazy\" decoding=\"async\" class=\"alignnone wp-image-1220921 size-large\" src=\"https:\/\/www.acapulco.press\/wp-content\/uploads\/2021\/02\/VS-FELIX2-1-840x1091.jpg\" alt=\"\" width=\"840\" height=\"1091\" \/><br \/>\n<img loading=\"lazy\" decoding=\"async\" class=\"alignnone wp-image-1220922 size-large\" src=\"https:\/\/www.acapulco.press\/wp-content\/uploads\/2021\/02\/36-840x367.jpg\" alt=\"\" width=\"840\" height=\"367\" \/><br \/>\n<img loading=\"lazy\" decoding=\"async\" class=\"alignnone wp-image-1220923 size-large\" src=\"https:\/\/www.acapulco.press\/wp-content\/uploads\/2021\/02\/68-840x1077.jpg\" alt=\"\" width=\"840\" height=\"1077\" \/><br \/>\n<img loading=\"lazy\" decoding=\"async\" class=\"alignnone wp-image-1220919 size-large\" src=\"https:\/\/www.acapulco.press\/wp-content\/uploads\/2021\/02\/VS-FELIX3-840x1635.jpg\" alt=\"\" width=\"840\" height=\"1635\" \/><\/p>\n","protected":false},"excerpt":{"rendered":"<p>CIUDAD DE M\u00c9XICO. * 9 de febrero de 2021. ] Latin US. Activistas, periodistas, defensores de derechos humanos y acad\u00e9micos pidieron este martes que se le retire la precandidatura por Morena a F\u00e9lix Salgado Macedonio, aspirante a la gubernatura de Guerrero, acusado de violaci\u00f3n y abuso sexual. En un desplegado difundido este d\u00eda, m\u00e1s de&#8230;<\/p>\n","protected":false},"author":2,"featured_media":1220916,"comment_status":"closed","ping_status":"closed","sticky":false,"template":"","format":"standard","meta":{"footnotes":""},"categories":[1997],"tags":[],"class_list":["post-1220915","post","type-post","status-publish","format-standard","has-post-thumbnail","hentry","category-noticias-destacadas"],"_links":{"self":[{"href":"https:\/\/www.acapulcopress.com\/index.php\/wp-json\/wp\/v2\/posts\/1220915","targetHints":{"allow":["GET"]}}],"collection":[{"href":"https:\/\/www.acapulcopress.com\/index.php\/wp-json\/wp\/v2\/posts"}],"about":[{"href":"https:\/\/www.acapulcopress.com\/index.php\/wp-json\/wp\/v2\/types\/post"}],"author":[{"embeddable":true,"href":"https:\/\/www.acapulcopress.com\/index.php\/wp-json\/wp\/v2\/users\/2"}],"replies":[{"embeddable":true,"href":"https:\/\/www.acapulcopress.com\/index.php\/wp-json\/wp\/v2\/comments?post=1220915"}],"version-history":[{"count":0,"href":"https:\/\/www.acapulcopress.com\/index.php\/wp-json\/wp\/v2\/posts\/1220915\/revisions"}],"wp:featuredmedia":[{"embeddable":true,"href":"https:\/\/www.acapulcopress.com\/index.php\/wp-json\/"}],"wp:attachment":[{"href":"https:\/\/www.acapulcopress.com\/index.php\/wp-json\/wp\/v2\/media?parent=1220915"}],"wp:term":[{"taxonomy":"category","embeddable":true,"href":"https:\/\/www.acapulcopress.com\/index.php\/wp-json\/wp\/v2\/categories?post=1220915"},{"taxonomy":"post_tag","embeddable":true,"href":"https:\/\/www.acapulcopress.com\/index.php\/wp-json\/wp\/v2\/tags?post=1220915"}],"curies":[{"name":"wp","href":"https:\/\/api.w.org\/{rel}","templated":true}]}}