{"id":1220935,"date":"2021-02-10T00:57:20","date_gmt":"2021-02-10T06:57:20","guid":{"rendered":"https:\/\/www.acapulcopress.com\/?p=1220935"},"modified":"2021-02-10T00:57:20","modified_gmt":"2021-02-10T06:57:20","slug":"pontelo-ponselo-nueva-estrategia-estatal-contra-el-covid19","status":"publish","type":"post","link":"https:\/\/www.acapulcopress.com\/index.php\/2021\/02\/10\/pontelo-ponselo-nueva-estrategia-estatal-contra-el-covid19\/","title":{"rendered":"\u00abP\u00f3ntelo P\u00f3nselo\u201d, nueva estrategia estatal contra el Covid19"},"content":{"rendered":"<p style=\"text-align: justify;\">ACAPULCO. * 9 de febrero de 2021.<br \/>\n<em>] Gobierno de Guerrero.<\/em><\/p>\n<p style=\"text-align: justify;\">Con el objetivo de fortalecer las brigadas de concientizaci\u00f3n ante la pandemia por el Covid-19, el subsecretario de Administraci\u00f3n, Armando Soto D\u00edaz puso en marcha la campa\u00f1a \u201cP\u00f3ntelo P\u00f3nselo\u201d, en la que participan autoridades federales, estatales, la sociedad civil, c\u00e1maras empresariales y el sector econ\u00f3mico de Chilpancingo.<\/p>\n<p style=\"text-align: justify;\"><img loading=\"lazy\" decoding=\"async\" class=\"alignleft size-medium wp-image-1220936\" src=\"https:\/\/www.acapulco.press\/wp-content\/uploads\/2021\/02\/PONTELO-PONSELO-375x217.jpeg\" alt=\"\" width=\"375\" height=\"217\" \/>Soto D\u00edaz coment\u00f3 que esta campa\u00f1a se puso en marcha por instrucciones del gobernador H\u00e9ctor Astudillo Flores para invitar a la poblaci\u00f3n a utilizar el cubrebocas, ya que es una de las medidas recomendadas por la Organizaci\u00f3n Mundial de la Salud para disminuir el riesgo de contagios de Covid-19, pero tambi\u00e9n se brinda informaci\u00f3n para su correcto deshecho.<\/p>\n<p style=\"text-align: justify;\">\u201cPara contener el contagio, la mejor herramienta que tenemos es el cubrebocas, estamos en sem\u00e1foro rojo, por eso hoy hacemos sinergia con la sociedad civil\u201d, apunt\u00f3.<\/p>\n<p style=\"text-align: justify;\">Soto D\u00edaz record\u00f3 que desde que inici\u00f3 la pandemia, el gobernador H\u00e9ctor Astudillo Flores ha impulsado acciones que permitan trabajar en conjunto para frenar la pandemia.<\/p>\n<p style=\"text-align: justify;\">\u201cLo que queremos hacer es que la gente tenga conciencia, decirles que necesitamos de su ayuda para contener la pandemia, el sector econ\u00f3mico ha sufrido los embates de la pandemia y por eso ellos tambi\u00e9n se han sumado a esta estrategia\u201d, puntualiz\u00f3 el funcionario estatal.<\/p>\n<p style=\"text-align: justify;\">Adelant\u00f3 que con esta campa\u00f1a se distribuir\u00e1n 500 mil cubrebocas en Chilpancingo, Iguala, Taxco, Acapulco y Zihuatanejo, por ser los municipios donde m\u00e1s se concentran los contagios, tambi\u00e9n panfletos con informaci\u00f3n respecto al uso del cubrebocas y c\u00f3mo desecharlos correctamente.<\/p>\n<p style=\"text-align: justify;\">Las brigadas se trasladar\u00e1n a centros comerciales, mercados, paradas de transporte p\u00fablico y centrales de autobuses con el prop\u00f3sito de persuadir a la poblaci\u00f3n en el uso correcto del cubrebocas.<\/p>\n<p style=\"text-align: justify;\">En este evento que se llev\u00f3 al sur de la capital estuvieron la delegada de Gobierno en la regi\u00f3n Centro, Norma Yolanda Armenta, en representaci\u00f3n de la 35 zona militar, el capit\u00e1n segundo de Infanter\u00eda, Carlos Zurita, as\u00ed como representantes de Coparmex, Grupo Chilpo, Canirac, Gestores de Ayuda Ciudadana, la Cruz Roja, del Colegio de Mujeres Profesionistas, de Ingenieros Civiles de Guerrero, entre otros.<\/p>\n","protected":false},"excerpt":{"rendered":"<p>ACAPULCO. * 9 de febrero de 2021. ] Gobierno de Guerrero. Con el objetivo de fortalecer las brigadas de concientizaci\u00f3n ante la pandemia por el Covid-19, el subsecretario de Administraci\u00f3n, Armando Soto D\u00edaz puso en marcha la campa\u00f1a \u201cP\u00f3ntelo P\u00f3nselo\u201d, en la que participan autoridades federales, estatales, la sociedad civil, c\u00e1maras empresariales y el sector&#8230;<\/p>\n","protected":false},"author":2,"featured_media":1220937,"comment_status":"closed","ping_status":"closed","sticky":false,"template":"","format":"standard","meta":{"footnotes":""},"categories":[1969,1972,18574],"tags":[2489,6705,9302,9705,17697],"class_list":["post-1220935","post","type-post","status-publish","format-standard","has-post-thumbnail","hentry","category-trending","category-special","category-gobierno-la-foto","tag-pontelo-ponselo","tag-covid19","tag-gobierno-de-guerrero","tag-hector-astudillo-flores","tag-uso-obligatorio-de-cubrebocas"],"_links":{"self":[{"href":"https:\/\/www.acapulcopress.com\/index.php\/wp-json\/wp\/v2\/posts\/1220935","targetHints":{"allow":["GET"]}}],"collection":[{"href":"https:\/\/www.acapulcopress.com\/index.php\/wp-json\/wp\/v2\/posts"}],"about":[{"href":"https:\/\/www.acapulcopress.com\/index.php\/wp-json\/wp\/v2\/types\/post"}],"author":[{"embeddable":true,"href":"https:\/\/www.acapulcopress.com\/index.php\/wp-json\/wp\/v2\/users\/2"}],"replies":[{"embeddable":true,"href":"https:\/\/www.acapulcopress.com\/index.php\/wp-json\/wp\/v2\/comments?post=1220935"}],"version-history":[{"count":0,"href":"https:\/\/www.acapulcopress.com\/index.php\/wp-json\/wp\/v2\/posts\/1220935\/revisions"}],"wp:featuredmedia":[{"embeddable":true,"href":"https:\/\/www.acapulcopress.com\/index.php\/wp-json\/"}],"wp:attachment":[{"href":"https:\/\/www.acapulcopress.com\/index.php\/wp-json\/wp\/v2\/media?parent=1220935"}],"wp:term":[{"taxonomy":"category","embeddable":true,"href":"https:\/\/www.acapulcopress.com\/index.php\/wp-json\/wp\/v2\/categories?post=1220935"},{"taxonomy":"post_tag","embeddable":true,"href":"https:\/\/www.acapulcopress.com\/index.php\/wp-json\/wp\/v2\/tags?post=1220935"}],"curies":[{"name":"wp","href":"https:\/\/api.w.org\/{rel}","templated":true}]}}