{"id":1220943,"date":"2021-02-10T17:54:45","date_gmt":"2021-02-10T23:54:45","guid":{"rendered":"https:\/\/www.acapulcopress.com\/?p=1220943"},"modified":"2021-02-10T17:54:45","modified_gmt":"2021-02-10T23:54:45","slug":"grave-que-gobiernos-no-elaboren-condiciones-para-mitigar-crisis-sanitaria-y-economica-yair","status":"publish","type":"post","link":"https:\/\/www.acapulcopress.com\/index.php\/2021\/02\/10\/grave-que-gobiernos-no-elaboren-condiciones-para-mitigar-crisis-sanitaria-y-economica-yair\/","title":{"rendered":"Grave que gobiernos no elaboren condiciones para mitigar crisis sanitaria y econ\u00f3mica | Ya\u00edr"},"content":{"rendered":"<p style=\"text-align: justify;\">ACAPULCO. * 10 de febrero de 2021.<br \/>\n<em>] Ciudadano de Tiempo Completo.<\/em><\/p>\n<p style=\"text-align: justify;\">\u00abEs grave que la clase pol\u00edtica centre su atenci\u00f3n en la elecci\u00f3n y no en el mandato que le fue conferido en el 2018 y <img loading=\"lazy\" decoding=\"async\" class=\"alignleft size-medium wp-image-1220945\" src=\"https:\/\/www.acapulco.press\/wp-content\/uploads\/2021\/02\/y4ir2-375x235.jpg\" alt=\"\" width=\"375\" height=\"235\" \/>tampoco tenga un plan de acci\u00f3n que genere condiciones para mitigar la crisis sanitaria y sus consecuencias en el \u00e1mbito econ\u00f3mico presente\u00bb\u00a0 dijo Yair Garc\u00eda Delgado, el &#8216;Ciudadano de Tiempo Completo&#8217;.<\/p>\n<p style=\"text-align: justify;\">\u00abLa alcaldesa, Adela Rom\u00e1n, el gobernador, H\u00e9ctor Astudillo, as\u00ed como los diputados, deben trabajar de manera coordinada para que la afectaci\u00f3n no se alargue, de lo contrario tendremos da\u00f1os colaterales en el bienestar de nuestra ciudad y del estado, complement\u00f3.<\/p>\n<p style=\"text-align: justify;\">\u00abPor lo pronto, nosotros como organizaci\u00f3n civil, estamos escuchando a la ciudadan\u00eda, sus preocupaciones y sus propuestas que nos permiten construir un Plan de Acci\u00f3n Ciudadano que muy pronto se refleje en trabajo legislativo para el bienestar de nuestra ciudad\u00bb, finaliz\u00f3 Garc\u00eda Delgado.<\/p>\n\n<p style=\"text-align: justify;\">\n","protected":false},"excerpt":{"rendered":"<p>ACAPULCO. * 10 de febrero de 2021. ] Ciudadano de Tiempo Completo. \u00abEs grave que la clase pol\u00edtica centre su atenci\u00f3n en la elecci\u00f3n y no en el mandato que le fue conferido en el 2018 y tampoco tenga un plan de acci\u00f3n que genere condiciones para mitigar la crisis sanitaria y sus consecuencias en&#8230;<\/p>\n","protected":false},"author":2,"featured_media":1220953,"comment_status":"closed","ping_status":"closed","sticky":false,"template":"","format":"standard","meta":{"footnotes":""},"categories":[2024,18561],"tags":[5826,18204],"class_list":["post-1220943","post","type-post","status-publish","format-standard","has-post-thumbnail","hentry","category-politica-activism","category-society-politics","tag-ciudadano-de-tiempo-completo","tag-yair-garcia-delgado"],"_links":{"self":[{"href":"https:\/\/www.acapulcopress.com\/index.php\/wp-json\/wp\/v2\/posts\/1220943","targetHints":{"allow":["GET"]}}],"collection":[{"href":"https:\/\/www.acapulcopress.com\/index.php\/wp-json\/wp\/v2\/posts"}],"about":[{"href":"https:\/\/www.acapulcopress.com\/index.php\/wp-json\/wp\/v2\/types\/post"}],"author":[{"embeddable":true,"href":"https:\/\/www.acapulcopress.com\/index.php\/wp-json\/wp\/v2\/users\/2"}],"replies":[{"embeddable":true,"href":"https:\/\/www.acapulcopress.com\/index.php\/wp-json\/wp\/v2\/comments?post=1220943"}],"version-history":[{"count":0,"href":"https:\/\/www.acapulcopress.com\/index.php\/wp-json\/wp\/v2\/posts\/1220943\/revisions"}],"wp:featuredmedia":[{"embeddable":true,"href":"https:\/\/www.acapulcopress.com\/index.php\/wp-json\/"}],"wp:attachment":[{"href":"https:\/\/www.acapulcopress.com\/index.php\/wp-json\/wp\/v2\/media?parent=1220943"}],"wp:term":[{"taxonomy":"category","embeddable":true,"href":"https:\/\/www.acapulcopress.com\/index.php\/wp-json\/wp\/v2\/categories?post=1220943"},{"taxonomy":"post_tag","embeddable":true,"href":"https:\/\/www.acapulcopress.com\/index.php\/wp-json\/wp\/v2\/tags?post=1220943"}],"curies":[{"name":"wp","href":"https:\/\/api.w.org\/{rel}","templated":true}]}}