{"id":1220960,"date":"2021-02-10T18:18:49","date_gmt":"2021-02-11T00:18:49","guid":{"rendered":"https:\/\/www.acapulcopress.com\/?p=1220960"},"modified":"2021-02-10T18:18:49","modified_gmt":"2021-02-11T00:18:49","slug":"victor-aguirre-y-mesa-directiva-de-grupo-aca-visualizan-panorama-de-acapulco","status":"publish","type":"post","link":"https:\/\/www.acapulcopress.com\/index.php\/2021\/02\/10\/victor-aguirre-y-mesa-directiva-de-grupo-aca-visualizan-panorama-de-acapulco\/","title":{"rendered":"V\u00edctor Aguirre y Mesa Directiva de Grupo Aca visualizan panorama de Acapulco"},"content":{"rendered":"<p style=\"text-align: justify;\">ACAPULCO. * 10 de febrero de 2021.<br \/>\n<em>] Staff V\u00edctor Aguirre.<\/em><\/p>\n<p style=\"text-align: justify;\">El regidor con licencia y aspirante a la alcald\u00eda de Acapulco por el Partido de la Revoluci\u00f3n Democr\u00e1tica, V\u00edctor <img loading=\"lazy\" decoding=\"async\" class=\"alignleft size-medium wp-image-1220962\" src=\"https:\/\/www.acapulco.press\/wp-content\/uploads\/2021\/02\/aguirre-amigos-ACA-375x221.jpg\" alt=\"\" width=\"375\" height=\"221\" \/>Aguirre Alcaide ,sostuvo una reuni\u00f3n cordial con los integrantes del Grupo ACA., encabezados por su representante Melquiades Olmedo Montes, con quienes intercambi\u00f3 puntos de vista sobre la situaci\u00f3n de Acapulco.<\/p>\n<p style=\"text-align: justify;\">Durante un encuentro en un restaurante del puerto, Aguirre Alcaide, expres\u00f3 su reconocimiento a los miembros del Grupo ACA por su trabajo en favor de las y los acapulque\u00f1os.<\/p>\n<p style=\"text-align: justify;\">Victor Aguirre saludo al representante de la Asociaci\u00f3n, Melquiades Olmedo Montes, quien estuvo acompa\u00f1ado por seis miembros de la mesa directiva.<\/p>\n<p style=\"text-align: justify;\">Estuvo acompa\u00f1ado del presidente del Grupo ACA, Melquiades Olmedo Montes, Miguel \u00c1lvarez Garc\u00eda, Mar\u00eda de La Luz Reyes R\u00edos.<\/p>\n<p style=\"text-align: justify;\">Tambi\u00e9n de Salvador Salgado, Alejandro Sabino y Abraham Ramos Guti\u00e9rrez.<\/p>\n","protected":false},"excerpt":{"rendered":"<p>ACAPULCO. * 10 de febrero de 2021. ] Staff V\u00edctor Aguirre. El regidor con licencia y aspirante a la alcald\u00eda de Acapulco por el Partido de la Revoluci\u00f3n Democr\u00e1tica, V\u00edctor Aguirre Alcaide ,sostuvo una reuni\u00f3n cordial con los integrantes del Grupo ACA., encabezados por su representante Melquiades Olmedo Montes, con quienes intercambi\u00f3 puntos de vista&#8230;<\/p>\n","protected":false},"author":2,"featured_media":1220963,"comment_status":"closed","ping_status":"closed","sticky":false,"template":"","format":"standard","meta":{"footnotes":""},"categories":[2024,18561],"tags":[3105,3561,9417,12533,12914,13089,14277,15964,17843],"class_list":["post-1220960","post","type-post","status-publish","format-standard","has-post-thumbnail","hentry","category-politica-activism","category-society-politics","tag-abraham-ramos-gutierrez","tag-alejandro-sabino","tag-grupo-aca","tag-maria-de-la-luz-reyes-rios","tag-melquiades-olmedo-montes","tag-miguel-alvarez-garcia","tag-partido-de-la-revolucion-democratica-prd","tag-salvador-salgado","tag-victor-aguirre-alcaide"],"_links":{"self":[{"href":"https:\/\/www.acapulcopress.com\/index.php\/wp-json\/wp\/v2\/posts\/1220960","targetHints":{"allow":["GET"]}}],"collection":[{"href":"https:\/\/www.acapulcopress.com\/index.php\/wp-json\/wp\/v2\/posts"}],"about":[{"href":"https:\/\/www.acapulcopress.com\/index.php\/wp-json\/wp\/v2\/types\/post"}],"author":[{"embeddable":true,"href":"https:\/\/www.acapulcopress.com\/index.php\/wp-json\/wp\/v2\/users\/2"}],"replies":[{"embeddable":true,"href":"https:\/\/www.acapulcopress.com\/index.php\/wp-json\/wp\/v2\/comments?post=1220960"}],"version-history":[{"count":0,"href":"https:\/\/www.acapulcopress.com\/index.php\/wp-json\/wp\/v2\/posts\/1220960\/revisions"}],"wp:featuredmedia":[{"embeddable":true,"href":"https:\/\/www.acapulcopress.com\/index.php\/wp-json\/"}],"wp:attachment":[{"href":"https:\/\/www.acapulcopress.com\/index.php\/wp-json\/wp\/v2\/media?parent=1220960"}],"wp:term":[{"taxonomy":"category","embeddable":true,"href":"https:\/\/www.acapulcopress.com\/index.php\/wp-json\/wp\/v2\/categories?post=1220960"},{"taxonomy":"post_tag","embeddable":true,"href":"https:\/\/www.acapulcopress.com\/index.php\/wp-json\/wp\/v2\/tags?post=1220960"}],"curies":[{"name":"wp","href":"https:\/\/api.w.org\/{rel}","templated":true}]}}