{"id":1220968,"date":"2021-02-10T19:19:11","date_gmt":"2021-02-11T01:19:11","guid":{"rendered":"https:\/\/www.acapulcopress.com\/?p=1220968"},"modified":"2021-02-10T19:19:11","modified_gmt":"2021-02-11T01:19:11","slug":"condenan-50-anos-a-secuestrador-de-chilpancingo","status":"publish","type":"post","link":"https:\/\/www.acapulcopress.com\/index.php\/2021\/02\/10\/condenan-50-anos-a-secuestrador-de-chilpancingo\/","title":{"rendered":"Condenan 50 a\u00f1os a secuestrador de Chilpancingo"},"content":{"rendered":"<p style=\"text-align: justify;\">ACAPULCO. * 10 de febrero de 2021.<br \/>\n<em>] <a href=\"https:\/\/fiscaliaguerrero.gob.mx\" target=\"_blank\" rel=\"noopener\">https:\/\/fiscaliaguerrero.gob.mx<\/a>.<\/em><\/p>\n<p>Fiscal\u00eda de Guerrero logra sentencia de 50 a\u00f1os de prisi\u00f3n por delito de Secuestro en Chilpancingo, regi\u00f3n Centro.<\/p>\n<p style=\"text-align: justify;\">Chilpancingo, Gro. 10 de febrero de 2021.- El Ministerio P\u00fablico adscrito a Chilpancingo logr\u00f3 sentencia condenatoria de 50 a\u00f1os de prisi\u00f3n en contra de V\u00edctor Alfonso \u00abN\u00bb, como responsable del delito de Secuestro Agravado, en la carpeta de juicio oral JO-01\/2020.<\/p>\n<p style=\"text-align: justify;\">El Ministerio P\u00fablico acredit\u00f3 la participaci\u00f3n del sentenciado en complicidad con otros coparticipes el d\u00eda 25 de <img loading=\"lazy\" decoding=\"async\" class=\"alignleft size-medium wp-image-1220970\" src=\"https:\/\/www.acapulco.press\/wp-content\/uploads\/2021\/02\/fge-francisco-javier-robachicos-375x375.jpg\" alt=\"\" width=\"375\" height=\"375\" \/>enero de 2019, cuando interceptaron a la v\u00edctima al circular en su veh\u00edculo particular, llev\u00e1ndolo a una casa de seguridad para exigir dinero por su liberaci\u00f3n.<\/p>\n<p style=\"text-align: justify;\">En un operativo desplegado por agentes del Grupo Antisecuestros lograron la detenci\u00f3n y el rescate de la v\u00edctima, en audiencia el juez dict\u00f3 el fallo condenatorio en contra de V\u00edctor Alfonso \u00abN\u00bb, sentenciado a 50 a\u00f1os de prisi\u00f3n como responsable de Secuestro Agravado, quien pagar\u00e1 una multa y permanecer\u00e1 interno en el Centro de Reinserci\u00f3n Social de Chilpancingo.<\/p>\n<p style=\"text-align: justify;\">CAPTURAN A SUSTRAIDOR DE MENORES<\/p>\n<p>Fiscal\u00eda de Guerrero a trav\u00e9s de la Polic\u00eda Investigadora Ministerial zona Centro, dio cumplimiento a la orden de aprehensi\u00f3n en contra de Francisco Javier \u00abN\u00bb, detenido en la ciudad de Chilpancingo, como probable responsable del delito de Sustracci\u00f3n de Menores, hechos en la carpeta judicial C-145\/2020, quedando a disposici\u00f3n del Juez de Control y Enjuiciamiento Penal.<\/p>\n","protected":false},"excerpt":{"rendered":"<p>ACAPULCO. * 10 de febrero de 2021. ] https:\/\/fiscaliaguerrero.gob.mx. Fiscal\u00eda de Guerrero logra sentencia de 50 a\u00f1os de prisi\u00f3n por delito de Secuestro en Chilpancingo, regi\u00f3n Centro. Chilpancingo, Gro. 10 de febrero de 2021.- El Ministerio P\u00fablico adscrito a Chilpancingo logr\u00f3 sentencia condenatoria de 50 a\u00f1os de prisi\u00f3n en contra de V\u00edctor Alfonso \u00abN\u00bb, como&#8230;<\/p>\n","protected":false},"author":2,"featured_media":1220971,"comment_status":"closed","ping_status":"closed","sticky":false,"template":"","format":"standard","meta":{"footnotes":""},"categories":[18561,2005],"tags":[8682,10946,14737],"class_list":["post-1220968","post","type-post","status-publish","format-standard","has-post-thumbnail","hentry","category-society-politics","category-seguridad-y-justicia","tag-fiscalia-general-de-guerrero-fge","tag-jorge-zuriel-de-los-santos-barrila","tag-policia-ministerial-de-guerrero"],"_links":{"self":[{"href":"https:\/\/www.acapulcopress.com\/index.php\/wp-json\/wp\/v2\/posts\/1220968","targetHints":{"allow":["GET"]}}],"collection":[{"href":"https:\/\/www.acapulcopress.com\/index.php\/wp-json\/wp\/v2\/posts"}],"about":[{"href":"https:\/\/www.acapulcopress.com\/index.php\/wp-json\/wp\/v2\/types\/post"}],"author":[{"embeddable":true,"href":"https:\/\/www.acapulcopress.com\/index.php\/wp-json\/wp\/v2\/users\/2"}],"replies":[{"embeddable":true,"href":"https:\/\/www.acapulcopress.com\/index.php\/wp-json\/wp\/v2\/comments?post=1220968"}],"version-history":[{"count":0,"href":"https:\/\/www.acapulcopress.com\/index.php\/wp-json\/wp\/v2\/posts\/1220968\/revisions"}],"wp:featuredmedia":[{"embeddable":true,"href":"https:\/\/www.acapulcopress.com\/index.php\/wp-json\/"}],"wp:attachment":[{"href":"https:\/\/www.acapulcopress.com\/index.php\/wp-json\/wp\/v2\/media?parent=1220968"}],"wp:term":[{"taxonomy":"category","embeddable":true,"href":"https:\/\/www.acapulcopress.com\/index.php\/wp-json\/wp\/v2\/categories?post=1220968"},{"taxonomy":"post_tag","embeddable":true,"href":"https:\/\/www.acapulcopress.com\/index.php\/wp-json\/wp\/v2\/tags?post=1220968"}],"curies":[{"name":"wp","href":"https:\/\/api.w.org\/{rel}","templated":true}]}}