{"id":1220996,"date":"2021-02-10T21:11:06","date_gmt":"2021-02-11T03:11:06","guid":{"rendered":"https:\/\/www.acapulcopress.com\/?p=1220996"},"modified":"2021-02-10T21:11:06","modified_gmt":"2021-02-11T03:11:06","slug":"presidente-inaugura-la-base-aerea-militar-no-1-en-santa-lucia","status":"publish","type":"post","link":"https:\/\/www.acapulcopress.com\/index.php\/2021\/02\/10\/presidente-inaugura-la-base-aerea-militar-no-1-en-santa-lucia\/","title":{"rendered":"Presidente inaugura la Base A\u00e9rea Militar No. 1 en Santa Luc\u00eda"},"content":{"rendered":"<p style=\"text-align: justify;\">CIUDAD DE M\u00c9XICO. * 10 de febrero de 2021.<br \/>\n<em>] Gobierno de M\u00e9xico.<\/em><\/p>\n<p style=\"text-align: justify;\">Al conmemorar el 106 Aniversario del D\u00eda de la Fuerza A\u00e9rea Mexicana, el presidente Andr\u00e9s Manuel L\u00f3pez Obrador encabez\u00f3 la inauguraci\u00f3n de las nuevas instalaciones de la Base A\u00e9rea Militar No. 1 en el Aeropuerto Internacional <img loading=\"lazy\" decoding=\"async\" class=\"alignleft size-medium wp-image-1220999\" src=\"https:\/\/www.acapulco.press\/wp-content\/uploads\/2021\/02\/BASE-AERA-MILITAR-1-375x250.jpg\" alt=\"\" width=\"375\" height=\"250\" \/>General Felipe \u00c1ngeles.<\/p>\n<p style=\"text-align: justify;\">\u201cQuiero hacer un reconocimiento a todos los ingenieros militares y quiero transmitirlo a trav\u00e9s de un general leal, trabajador incorruptible: el general secretario Luis Cresencio Sandoval Gonz\u00e1lez. Mi reconocimiento al general Ricardo Vallejo, encargado de esta importante obra. A todos los ingenieros militares y felicitar de nuevo a los integrantes de la Fuerza A\u00e9rea Mexicana en el 106 Aniversario de su fundaci\u00f3n; felicitarlos a trav\u00e9s del general Jos\u00e9 Gerardo Vega, comandante de la Fuerza A\u00e9rea Mexicana. A pilotos, mec\u00e1nicos, t\u00e9cnicos, paracaidistas, a todos los integrantes\u201d, <img loading=\"lazy\" decoding=\"async\" class=\"alignleft size-medium wp-image-1220997\" src=\"https:\/\/www.acapulco.press\/wp-content\/uploads\/2021\/02\/BASE-AERA-MILITAR-1.2-375x281.jpg\" alt=\"\" width=\"375\" height=\"281\" \/>expres\u00f3 el mandatario.<\/p>\n<p style=\"text-align: justify;\">La Secretar\u00eda de la Defensa Nacional, a trav\u00e9s del Cuerpo de Ingenieros del Ej\u00e9rcito, realiz\u00f3 la planeaci\u00f3n y construcci\u00f3n de la Base A\u00e9rea Militar, considerando condiciones \u00f3ptimas de operaci\u00f3n y el uso eficiente de recursos financieros, materiales y humanos, lo que permitir\u00e1 su funcionamiento para los pr\u00f3ximos 50 a\u00f1os.<\/p>\n<p style=\"text-align: justify;\">Esta obra ha generado 74 mil 819 empleos civiles y significa un paso hacia el cumplimiento de uno de los proyectos prioritarios del Gobierno de la Cuarta Transformaci\u00f3n.<\/p>\n<p style=\"text-align: justify;\">El proyecto consisti\u00f3 en la construcci\u00f3n de la comandancia de la Base A\u00e9rea No.1, la pista militar, plataforma y rodajes, una torre de control de tr\u00e1fico a\u00e9reo, un centro de capacitaci\u00f3n especializado, hangares de acopio, escuadrones de vigilancia a\u00e9rea, una terminal a\u00e9rea militar, una estaci\u00f3n meteorol\u00f3gica, un servicio de salvamento y extinci\u00f3n de incendios e instalaciones administrativas y deportivas.<\/p>\n<p style=\"text-align: justify;\">La pista militar tiene una longitud de 3.5 kil\u00f3metros de longitud por 45 metros de ancho y es de concreto hidr\u00e1ulico.<\/p>\n<p style=\"text-align: justify;\">La torre de control cuenta con una plataforma militar de 2 mil 165 metros de largo por 90 metros de ancho, as\u00ed como una torre de control de tr\u00e1fico a\u00e9reo con un fuste de concreto armado, rematado por una cabina de acero estructural con una altura de 34 metros y una visual a 31 metros. Tiene nueve niveles y azotea para operaciones.<\/p>\n<p style=\"text-align: justify;\">El Aeropuerto Internacional General Felipe \u00c1ngeles se inaugurar\u00e1 el 21 de marzo de 2022. A la fecha faltan 403 d\u00edas de construcci\u00f3n y el avance que se tiene es de 50.04 por ciento.<\/p>\n<p style=\"text-align: justify;\">El jefe del Ejecutivo destac\u00f3 que la inversi\u00f3n total ser\u00e1 de 75 mil millones de pesos y adelant\u00f3 que el 19 de febrero regresar\u00e1 a Santa Luc\u00eda en el Estado de M\u00e9xico para entregar instalaciones del Ej\u00e9rcito.<\/p>\n<p style=\"text-align: justify;\">Durante el evento cort\u00f3 el list\u00f3n inaugural y devel\u00f3 la placa de la Base A\u00e9rea Militar No.1. Adem\u00e1s entreg\u00f3 Condecoraciones al M\u00e9rito Militar Grado Banda y Alas de Pecho y Certificado a 4 Jefes, 12 oficiales y ocho de Tropa de la Fuerza A\u00e9rea Mexicana.<\/p>\n<p style=\"text-align: justify;\">Al mismo tiempo, resalt\u00f3 el apoyo de las Fuerzas Armadas en labores de seguridad, en la aplicaci\u00f3n del Plan DN-III-E y del Plan Marina durante desastres naturales, en la construcci\u00f3n de cuarteles de la Guardia Nacional y sucursales del Banco del Bienestar; en la conclusi\u00f3n de hospitales, en la distribuci\u00f3n de libros de texto hasta las comunidades m\u00e1s apartadas, en el resguardo de instalaciones estrat\u00e9gicas, en el dragado de r\u00edos y durante la emergencia sanitaria por COVID-19 con el traslado de connacionales, insumos y vacunas en el Operativo Correcaminos.<\/p>\n<p style=\"text-align: justify;\">\u201cEstoy seguro que vamos a seguir contando con ese apoyo para que se siga protegiendo a nuestro pueblo frente a la pandemia\u201d, subray\u00f3.<\/p>\n<p style=\"text-align: justify;\">Participaron en el evento, la jefa de Gobierno, Claudia Sheinbaum Pardo y los gobernadores del Estado de M\u00e9xico, Alfredo del Mazo Maza; de Hidalgo, Omar Fayad Meneses y de Quer\u00e9taro, Francisco Dom\u00ednguez Servi\u00e9n.<\/p>\n<p style=\"text-align: justify;\">Del gobierno federal, el secretario de la Defensa Nacional, Luis Cresencio Sandoval Gonz\u00e1lez; el secretario de Marina, Jos\u00e9 Rafael Ojeda Dur\u00e1n; la secretaria de Gobernaci\u00f3n, Olga S\u00e1nchez Cordero; la secretaria de Seguridad y Protecci\u00f3n Ciudadana, Rosa Icela Rodr\u00edguez Vel\u00e1zquez; el secretario de Relaciones Exteriores, Marcelo Ebrard Casaub\u00f3n; el secretario de Hacienda y Cr\u00e9dito P\u00fablico, Arturo Herrera Guti\u00e9rrez; el secretario de Comunicaciones y Transportes, Jorge Arganis D\u00edaz Leal; la secretaria de la Funci\u00f3n P\u00fablica, Irma Er\u00e9ndira Sandoval Ballesteros; el comandante de la Fuerza A\u00e9rea Mexicana, Jos\u00e9 Gerardo Vega Rivera; el comandante de la B.A.M. No. 1., Alfonso Rodr\u00edguez Sierra y el comandante ingeniero a cargo del proyecto, Gustavo Ricardo Vallejo Su\u00e1rez.<\/p>\n<p style=\"text-align: justify;\">Del Poder Legislativo, la vicepresidenta de la Mesa Directiva de la C\u00e1mara de Diputados, Dolores Padierna Luna y el presidente de la Mesa Directiva de la C\u00e1mara de Senadores, \u00d3scar Eduardo Ram\u00edrez Aguilar, y del Poder Judicial, el presidente de la Suprema Corte de Justicia de la Naci\u00f3n, Arturo Zald\u00edvar Lelo de Larrea.<\/p>\n","protected":false},"excerpt":{"rendered":"<p>CIUDAD DE M\u00c9XICO. * 10 de febrero de 2021. ] Gobierno de M\u00e9xico. Al conmemorar el 106 Aniversario del D\u00eda de la Fuerza A\u00e9rea Mexicana, el presidente Andr\u00e9s Manuel L\u00f3pez Obrador encabez\u00f3 la inauguraci\u00f3n de las nuevas instalaciones de la Base A\u00e9rea Militar No. 1 en el Aeropuerto Internacional General Felipe \u00c1ngeles. \u201cQuiero hacer un&#8230;<\/p>\n","protected":false},"author":2,"featured_media":1220998,"comment_status":"closed","ping_status":"closed","sticky":false,"template":"","format":"standard","meta":{"footnotes":""},"categories":[18561,2005],"tags":[3896,7167],"class_list":["post-1220996","post","type-post","status-publish","format-standard","has-post-thumbnail","hentry","category-society-politics","category-seguridad-y-justicia","tag-andres-manuel-lopez-obrador","tag-dia-de-la-fuerza-aerea-mexicana"],"_links":{"self":[{"href":"https:\/\/www.acapulcopress.com\/index.php\/wp-json\/wp\/v2\/posts\/1220996","targetHints":{"allow":["GET"]}}],"collection":[{"href":"https:\/\/www.acapulcopress.com\/index.php\/wp-json\/wp\/v2\/posts"}],"about":[{"href":"https:\/\/www.acapulcopress.com\/index.php\/wp-json\/wp\/v2\/types\/post"}],"author":[{"embeddable":true,"href":"https:\/\/www.acapulcopress.com\/index.php\/wp-json\/wp\/v2\/users\/2"}],"replies":[{"embeddable":true,"href":"https:\/\/www.acapulcopress.com\/index.php\/wp-json\/wp\/v2\/comments?post=1220996"}],"version-history":[{"count":0,"href":"https:\/\/www.acapulcopress.com\/index.php\/wp-json\/wp\/v2\/posts\/1220996\/revisions"}],"wp:featuredmedia":[{"embeddable":true,"href":"https:\/\/www.acapulcopress.com\/index.php\/wp-json\/"}],"wp:attachment":[{"href":"https:\/\/www.acapulcopress.com\/index.php\/wp-json\/wp\/v2\/media?parent=1220996"}],"wp:term":[{"taxonomy":"category","embeddable":true,"href":"https:\/\/www.acapulcopress.com\/index.php\/wp-json\/wp\/v2\/categories?post=1220996"},{"taxonomy":"post_tag","embeddable":true,"href":"https:\/\/www.acapulcopress.com\/index.php\/wp-json\/wp\/v2\/tags?post=1220996"}],"curies":[{"name":"wp","href":"https:\/\/api.w.org\/{rel}","templated":true}]}}