{"id":1221005,"date":"2021-02-10T21:42:07","date_gmt":"2021-02-11T03:42:07","guid":{"rendered":"https:\/\/www.acapulcopress.com\/?p=1221005"},"modified":"2021-02-10T21:42:07","modified_gmt":"2021-02-11T03:42:07","slug":"reconoce-gobernador-astudillo-a-la-fuerza-aerea-mexicana-en-su106-aniversario","status":"publish","type":"post","link":"https:\/\/www.acapulcopress.com\/index.php\/2021\/02\/10\/reconoce-gobernador-astudillo-a-la-fuerza-aerea-mexicana-en-su106-aniversario\/","title":{"rendered":"Reconoce Gobernador Astudillo a la Fuerza A\u00e9rea Mexicana en su106 Aniversario"},"content":{"rendered":"<p style=\"text-align: justify;\">CHILPANCINGO. * 10 de febrero de 2021.<br \/>\n<em>] Gobierno de Chilpancingo.<\/em><\/p>\n<p style=\"text-align: justify;\">Al presidir la Mesa de Coordinaci\u00f3n para la Construcci\u00f3n de la Paz en Guerrero, el gobernador H\u00e9ctor Astudillo Flores, expres\u00f3 su reconocimiento a los integrantes de la Fuerza A\u00e9rea Mexicana, por su trabajo, lealtad y servicio por el pa\u00eds, este d\u00eda que se conmemora el 106 Aniversario de la creaci\u00f3n de esta instituci\u00f3n, especialmente este a\u00f1o de pandemia.<\/p>\n<p style=\"text-align: justify;\">Durante la sesi\u00f3n de trabajo, la Mesa de Coordinaci\u00f3n para la Construcci\u00f3n de la Paz, analiz\u00f3 los indicadores delictivos, as\u00ed como los resultados en materia de seguridad en Guerrero, mismos que se mantienen a la baja comparado con el mismo periodo del 2020, a\u00f1o en el que se registr\u00f3 la incidencia delictiva m\u00e1s baja de los \u00faltimos 10 a\u00f1os.<\/p>\n<p style=\"text-align: justify;\">En seguimiento a los temas de seguridad en la Mesa de Coordinaci\u00f3n Estatal, se analizaron las incidencias delictivas registradas durante las \u00faltimas 24 horas y se dio seguimiento a los indicadores del consolidado general en lo que va de este 2021, que se mantiene a la baja con una reducci\u00f3n de 8.8 por ciento respecto al mismo periodo de tiempo del 2020 y presenta una tasa promedio de 2.44 casos diarios, menor al mes y al a\u00f1o anterior.<\/p>\n<p style=\"text-align: justify;\">Cabe mencionar que el 2020 fue el a\u00f1o que Guerrero present\u00f3 la incidencia delictiva m\u00e1s baja en homicidios dolosos y delitos de alto impacto de los \u00faltimos diez a\u00f1os que se tiene registro y se mantiene con una tendencia a la baja durante este 2021, al igual que en el delito de secuestro y robo de veh\u00edculos, de acuerdo con la Fiscal\u00eda General del Estado y la Secretar\u00eda de Seguridad P\u00fablica, estos resultados aportan a la disminuci\u00f3n de los \u00edndices delictivos en el pa\u00eds.<\/p>\n<p style=\"text-align: justify;\"><img loading=\"lazy\" decoding=\"async\" class=\"alignleft size-medium wp-image-1221007\" src=\"https:\/\/www.acapulco.press\/wp-content\/uploads\/2021\/02\/ASTUFILLO-FUERZA-AEREA2-375x250.jpeg\" alt=\"\" width=\"375\" height=\"250\" \/>En seguimiento a los actos delictivos, la Fiscal\u00eda General del Estado, inform\u00f3 a la Mesa de Coordinaci\u00f3n Estatal que se investiga los casos delictivos en el Municipio de Tlapa de Comonfort, regi\u00f3n Monta\u00f1a y se atiende a cuatro lesionados en esos hechos, as\u00ed como la ubicaci\u00f3n de los responsables.<\/p>\n<p style=\"text-align: justify;\">El secretario de Salud, Carlos de la Pe\u00f1a Pintos, inform\u00f3 que se presenta cierta estabilidad en cuanto a los hospitalizados y se percibe que ha bajado la intensidad en los contagios, sin embargo se siguen presentando casos, por lo que no se debe bajar la guardia en el cuidado sanitario personal.<\/p>\n<p style=\"text-align: justify;\">Por su parte, el Secretario de Administraci\u00f3n y Finanzas, Tulio P\u00e9rez Calvo, inform\u00f3 que se realizaron recorridos de supervisi\u00f3n para que sean cumplidas las medidas sanitarias en establecimientos en Iguala, Taxco, Acapulco y Zihuatanejo, por lo que es importante que el sector tur\u00edstico colabore en la implementaci\u00f3n de estas acciones para que los turistas acaten las recomendaciones y sean efectivas en la disminuci\u00f3n de los contagios.<\/p>\n<p style=\"text-align: justify;\">Estuvieron presentes el comandante de la Novena Regi\u00f3n Militar, Eufemio Ibarra Flores; el comandante de la Octava Regi\u00f3n Naval, Julio C\u00e9sar Pescina \u00c1vila; el secretario general de Gobierno, Florencio Salazar Adame; el comandante de la 27 zona Militar, Federico San Juan Rosales; el comandante de la 35 zona Militar, Miguel \u00c1ngel Aguirre Lara y el Coordinador Estatal de la Guardia Nacional, Lucio Vergara G\u00f3mez.<\/p>\n<p style=\"text-align: justify;\">El Delegado Federal en Guerrero, Iv\u00e1n Hern\u00e1ndez D\u00edaz; el representante del Centro Nacional de Inteligencia, Juan Gabriel Sosa Pintos; el Presidente de la Comisi\u00f3n Estatal de Derechos Humanos, Ram\u00f3n Navarrete Magdaleno y el Secretario T\u00e9cnico, Hermes Teodoro Gonz\u00e1lez, entre otros.<\/p>\n","protected":false},"excerpt":{"rendered":"<p>CHILPANCINGO. * 10 de febrero de 2021. ] Gobierno de Chilpancingo. Al presidir la Mesa de Coordinaci\u00f3n para la Construcci\u00f3n de la Paz en Guerrero, el gobernador H\u00e9ctor Astudillo Flores, expres\u00f3 su reconocimiento a los integrantes de la Fuerza A\u00e9rea Mexicana, por su trabajo, lealtad y servicio por el pa\u00eds, este d\u00eda que se conmemora&#8230;<\/p>\n","protected":false},"author":2,"featured_media":1221006,"comment_status":"closed","ping_status":"closed","sticky":false,"template":"","format":"standard","meta":{"footnotes":""},"categories":[18573,1983],"tags":[8980,9302,9705,12966],"class_list":["post-1221005","post","type-post","status-publish","format-standard","has-post-thumbnail","hentry","category-goverment","category-guerrerogob","tag-fuerza-aerea-mexicana","tag-gobierno-de-guerrero","tag-hector-astudillo-flores","tag-mesa-de-coordinacion-para-la-construccion-de-la-paz-en-guerrero"],"_links":{"self":[{"href":"https:\/\/www.acapulcopress.com\/index.php\/wp-json\/wp\/v2\/posts\/1221005","targetHints":{"allow":["GET"]}}],"collection":[{"href":"https:\/\/www.acapulcopress.com\/index.php\/wp-json\/wp\/v2\/posts"}],"about":[{"href":"https:\/\/www.acapulcopress.com\/index.php\/wp-json\/wp\/v2\/types\/post"}],"author":[{"embeddable":true,"href":"https:\/\/www.acapulcopress.com\/index.php\/wp-json\/wp\/v2\/users\/2"}],"replies":[{"embeddable":true,"href":"https:\/\/www.acapulcopress.com\/index.php\/wp-json\/wp\/v2\/comments?post=1221005"}],"version-history":[{"count":0,"href":"https:\/\/www.acapulcopress.com\/index.php\/wp-json\/wp\/v2\/posts\/1221005\/revisions"}],"wp:featuredmedia":[{"embeddable":true,"href":"https:\/\/www.acapulcopress.com\/index.php\/wp-json\/"}],"wp:attachment":[{"href":"https:\/\/www.acapulcopress.com\/index.php\/wp-json\/wp\/v2\/media?parent=1221005"}],"wp:term":[{"taxonomy":"category","embeddable":true,"href":"https:\/\/www.acapulcopress.com\/index.php\/wp-json\/wp\/v2\/categories?post=1221005"},{"taxonomy":"post_tag","embeddable":true,"href":"https:\/\/www.acapulcopress.com\/index.php\/wp-json\/wp\/v2\/tags?post=1221005"}],"curies":[{"name":"wp","href":"https:\/\/api.w.org\/{rel}","templated":true}]}}