{"id":1221012,"date":"2021-02-10T22:06:04","date_gmt":"2021-02-11T04:06:04","guid":{"rendered":"https:\/\/www.acapulcopress.com\/?p=1221012"},"modified":"2021-02-10T22:06:04","modified_gmt":"2021-02-11T04:06:04","slug":"proxima-semana-llegaran-mas-vacunas-contra-covid19-a-guerrero-anuncia-gobernador","status":"publish","type":"post","link":"https:\/\/www.acapulcopress.com\/index.php\/2021\/02\/10\/proxima-semana-llegaran-mas-vacunas-contra-covid19-a-guerrero-anuncia-gobernador\/","title":{"rendered":"Pr\u00f3xima semana llegar\u00e1n m\u00e1s vacunas contra Covid19 a Guerrero, anuncia Gobernador"},"content":{"rendered":"<p style=\"text-align: justify;\">CHILPANCINGO. * 10 de febrero de 2021.<br \/>\n<em>] Gobierno de Guerrero.<\/em><\/p>\n<p style=\"text-align: justify;\">En la transmisi\u00f3n 303 para dar a conocer la situaci\u00f3n que guarda el estado en torno a la emergencia sanitaria por Covid-19, el gobernador H\u00e9ctor Astudillo Flores anunci\u00f3 que la pr\u00f3xima semana llegar\u00e1n a Guerrero m\u00e1s vacunas, que ser\u00e1n aplicadas a personal m\u00e9dico y a otros grupos de personas de acuerdo a la programaci\u00f3n establecida, y dio a conocer que el pr\u00f3ximo fin de semana se realizar\u00e1n nuevamente operativos en playas y en lugares considerados como de alto riesgo de contagio.<\/p>\n<p style=\"text-align: justify;\">Durante el informe diario que se realiz\u00f3 desde Casa Guerrero el mandatario estatal dio a conocer que como parte de las acciones para hacer frente y disminuir los contagios, el gobierno del estado mando a elaborar 500 mil cubrebocas que son repartidos gratuitamente en diversos municipios, principalmente donde la pandemia est\u00e1 m\u00e1s fuerte.<\/p>\n<p style=\"text-align: justify;\">Por lo que hizo un llamado a la poblaci\u00f3n a llevar a cabo las medidas sanitarias para disminuir el n\u00famero de contagios, \u201ctenemos que bajar el n\u00famero de contagios, de hospitalizaci\u00f3n y de fallecimientos, nadie desea que un familiar, vecino o compa\u00f1ero de trabajo fallezca, por eso insistimos en que mientras no haya la vacuna completa lo que tenemos que hacer es cuidarnos mucho\u201d.<\/p>\n<p style=\"text-align: justify;\">\u201cMi reconocimiento a todos los que trabajan en los hospitales, a las doctoras, los doctores, las enfermeras, los enfermeros, del Seguro Social, del ISSSTE, la pr\u00f3xima semana seguramente vendr\u00e1 la vacuna para ustedes, en su segunda dosis, en Salud Estatal, la Defensa Nacional, la Marina, y no se nos olvidan tambi\u00e9n los m\u00e9dicos particulares\u201d.<\/p>\n<p style=\"text-align: justify;\">Al hacer uso de la palabra, el secretario de Salud, Carlos de la Pe\u00f1a Pintos, inform\u00f3 que en la entidad se registraron 198 nuevos casos de Covid-19, con un total de 33 mil 234 casos confirmados acumulados y 3 mil 263 defunciones, \u201cobservamos un comportamiento ondulante con una tendencia discreta a disminuir, sin embargo, por cada 100 estudios que estamos haciendo en el Laboratorio Estatal de Salud P\u00fablica tenemos positividad de un 60 por ciento aproximadamente, y de las pruebas r\u00e1pidas, aproximadamente tenemos entre 30 y 35 por ciento\u201d.<\/p>\n<p style=\"text-align: justify;\">Asimismo, dijo que en la hospitalizaci\u00f3n hay una tendencia a la baja con 380 pacientes hospitalizados, de los cuales 80 son pacientes intubados en estado cr\u00edtico, lo que representa una ocupaci\u00f3n de camas del 52 por ciento, por lo que se espera que con las acciones de prevenci\u00f3n que se est\u00e1n llevando a cabo en las pr\u00f3ximas semanas disminuyan las hospitalizaciones al igual que las defunciones, las cuales a\u00fan se encuentran elevadas con un promedio de 24.6 muertes por d\u00eda.<\/p>\n<p style=\"text-align: justify;\">Estuvieron presentes, la directora general de Comunicaci\u00f3n Social, Erika Lorena L\u00fchrs Cort\u00e9s; el secretario de Finanzas y Administraci\u00f3n, Tulio P\u00e9rez Calvo, y el jefe de la Oficina del Gobernador, Alejandro Bravo Abarca.<\/p>\n","protected":false},"excerpt":{"rendered":"<p>CHILPANCINGO. * 10 de febrero de 2021. ] Gobierno de Guerrero. En la transmisi\u00f3n 303 para dar a conocer la situaci\u00f3n que guarda el estado en torno a la emergencia sanitaria por Covid-19, el gobernador H\u00e9ctor Astudillo Flores anunci\u00f3 que la pr\u00f3xima semana llegar\u00e1n a Guerrero m\u00e1s vacunas, que ser\u00e1n aplicadas a personal m\u00e9dico y&#8230;<\/p>\n","protected":false},"author":2,"featured_media":1221013,"comment_status":"closed","ping_status":"closed","sticky":false,"template":"","format":"standard","meta":{"footnotes":""},"categories":[1972,18573,18574,1983],"tags":[6705,9302,9705,16421],"class_list":["post-1221012","post","type-post","status-publish","format-standard","has-post-thumbnail","hentry","category-special","category-goverment","category-gobierno-la-foto","category-guerrerogob","tag-covid19","tag-gobierno-de-guerrero","tag-hector-astudillo-flores","tag-semaforo-de-riesgo-covid19"],"_links":{"self":[{"href":"https:\/\/www.acapulcopress.com\/index.php\/wp-json\/wp\/v2\/posts\/1221012","targetHints":{"allow":["GET"]}}],"collection":[{"href":"https:\/\/www.acapulcopress.com\/index.php\/wp-json\/wp\/v2\/posts"}],"about":[{"href":"https:\/\/www.acapulcopress.com\/index.php\/wp-json\/wp\/v2\/types\/post"}],"author":[{"embeddable":true,"href":"https:\/\/www.acapulcopress.com\/index.php\/wp-json\/wp\/v2\/users\/2"}],"replies":[{"embeddable":true,"href":"https:\/\/www.acapulcopress.com\/index.php\/wp-json\/wp\/v2\/comments?post=1221012"}],"version-history":[{"count":0,"href":"https:\/\/www.acapulcopress.com\/index.php\/wp-json\/wp\/v2\/posts\/1221012\/revisions"}],"wp:featuredmedia":[{"embeddable":true,"href":"https:\/\/www.acapulcopress.com\/index.php\/wp-json\/"}],"wp:attachment":[{"href":"https:\/\/www.acapulcopress.com\/index.php\/wp-json\/wp\/v2\/media?parent=1221012"}],"wp:term":[{"taxonomy":"category","embeddable":true,"href":"https:\/\/www.acapulcopress.com\/index.php\/wp-json\/wp\/v2\/categories?post=1221012"},{"taxonomy":"post_tag","embeddable":true,"href":"https:\/\/www.acapulcopress.com\/index.php\/wp-json\/wp\/v2\/tags?post=1221012"}],"curies":[{"name":"wp","href":"https:\/\/api.w.org\/{rel}","templated":true}]}}