{"id":1221035,"date":"2021-02-11T00:06:27","date_gmt":"2021-02-11T06:06:27","guid":{"rendered":"https:\/\/www.acapulcopress.com\/?p=1221035"},"modified":"2021-02-11T00:06:27","modified_gmt":"2021-02-11T06:06:27","slug":"atiende-mandatario-estatal-demandas-de-habitantes-de-jaleaca-de-catalan","status":"publish","type":"post","link":"https:\/\/www.acapulcopress.com\/index.php\/2021\/02\/11\/atiende-mandatario-estatal-demandas-de-habitantes-de-jaleaca-de-catalan\/","title":{"rendered":"Atiende mandatario estatal demandas de habitantes de Jaleaca de Catal\u00e1n"},"content":{"rendered":"<p style=\"text-align: justify;\">CHILPANCINGO. * 10 de febrero de 2021.<br \/>\n<em>] Gobierno de Guerrero.<\/em><\/p>\n<p style=\"text-align: justify;\">Con el objetivo de revisar algunas de sus demandas como el rastreo y pavimentaci\u00f3n de algunos tramos de una carretera y el agua potable, el gobernador H\u00e9ctor Astudillo Flores se reuni\u00f3 con un grupo de habitantes de Jaleaca de Catal\u00e1n, comunidad enclavada en la sierra de Chilpancingo.<\/p>\n<p style=\"text-align: justify;\">Encabezados por el comisario, Marco Antonio Arcos Fuentes, plantearon al ejecutivo estatal la rehabilitaci\u00f3n de la carretera Amojileca- Chautip\u00e1n-Omiltemi- Jaleaca de Catal\u00e1n, ya que en algunas partes hay derrumbes y otros tramos requieren de pavimentaci\u00f3n.<\/p>\n<p style=\"text-align: justify;\">\u201cNos vamos contentos y con la esperanza de que si nos va a ayudar, es una persona que nos ha ayudado y sabemos que contamos con \u00e9l\u201d, manifest\u00f3 el comisario Arcos Fuentes al salir de la reuni\u00f3n que sostuvieron con mandatario estatal en Casa Guerrero.<\/p>\n<p style=\"text-align: justify;\">Otro de los temas que abordaron en la reuni\u00f3n en la que tambi\u00e9n participaron el encargado de despacho de la Secretar\u00eda de Desarrollo Urbano, Obras P\u00fablicas y Ordenamiento Territorial, Cozovi Ocampo Guzm\u00e1n y el subsecretario de Gobierno Para Asuntos Agrarios, Fernando Jaimes Ferrel, fue el del agua potable para la comunidad.<\/p>\n","protected":false},"excerpt":{"rendered":"<p>CHILPANCINGO. * 10 de febrero de 2021. ] Gobierno de Guerrero. Con el objetivo de revisar algunas de sus demandas como el rastreo y pavimentaci\u00f3n de algunos tramos de una carretera y el agua potable, el gobernador H\u00e9ctor Astudillo Flores se reuni\u00f3 con un grupo de habitantes de Jaleaca de Catal\u00e1n, comunidad enclavada en la&#8230;<\/p>\n","protected":false},"author":2,"featured_media":1221036,"comment_status":"closed","ping_status":"closed","sticky":false,"template":"","format":"standard","meta":{"footnotes":""},"categories":[18573,1983],"tags":[9302,9705],"class_list":["post-1221035","post","type-post","status-publish","format-standard","has-post-thumbnail","hentry","category-goverment","category-guerrerogob","tag-gobierno-de-guerrero","tag-hector-astudillo-flores"],"_links":{"self":[{"href":"https:\/\/www.acapulcopress.com\/index.php\/wp-json\/wp\/v2\/posts\/1221035","targetHints":{"allow":["GET"]}}],"collection":[{"href":"https:\/\/www.acapulcopress.com\/index.php\/wp-json\/wp\/v2\/posts"}],"about":[{"href":"https:\/\/www.acapulcopress.com\/index.php\/wp-json\/wp\/v2\/types\/post"}],"author":[{"embeddable":true,"href":"https:\/\/www.acapulcopress.com\/index.php\/wp-json\/wp\/v2\/users\/2"}],"replies":[{"embeddable":true,"href":"https:\/\/www.acapulcopress.com\/index.php\/wp-json\/wp\/v2\/comments?post=1221035"}],"version-history":[{"count":0,"href":"https:\/\/www.acapulcopress.com\/index.php\/wp-json\/wp\/v2\/posts\/1221035\/revisions"}],"wp:featuredmedia":[{"embeddable":true,"href":"https:\/\/www.acapulcopress.com\/index.php\/wp-json\/"}],"wp:attachment":[{"href":"https:\/\/www.acapulcopress.com\/index.php\/wp-json\/wp\/v2\/media?parent=1221035"}],"wp:term":[{"taxonomy":"category","embeddable":true,"href":"https:\/\/www.acapulcopress.com\/index.php\/wp-json\/wp\/v2\/categories?post=1221035"},{"taxonomy":"post_tag","embeddable":true,"href":"https:\/\/www.acapulcopress.com\/index.php\/wp-json\/wp\/v2\/tags?post=1221035"}],"curies":[{"name":"wp","href":"https:\/\/api.w.org\/{rel}","templated":true}]}}