{"id":1221051,"date":"2021-02-12T18:08:19","date_gmt":"2021-02-13T00:08:19","guid":{"rendered":"https:\/\/www.acapulcopress.com\/?p=1221051"},"modified":"2021-02-12T18:08:19","modified_gmt":"2021-02-13T00:08:19","slug":"fge-vincula-a-proceso-a-dos-asesinos-seriales-y-captura-a-un-feminicida-en-acapulco","status":"publish","type":"post","link":"https:\/\/www.acapulcopress.com\/index.php\/2021\/02\/12\/fge-vincula-a-proceso-a-dos-asesinos-seriales-y-captura-a-un-feminicida-en-acapulco\/","title":{"rendered":"FGE vincula a proceso a asesinos de 6 personas en Iguala y captura feminicida de Acapulco"},"content":{"rendered":"<p style=\"text-align: justify;\">CHILPANCINGO. * 12 de febrero de 2021.<br \/>\n<em>] <a href=\"https:\/\/fiscaliaguerrero.gob.mx\" target=\"_blank\" rel=\"noopener\">https:\/\/fiscaliaguerrero.gob.mx<\/a>.<\/em><\/p>\n<p style=\"text-align: justify;\">Luego de dar cumplimiento a la orden de aprehensi\u00f3n por agentes ministeriales de zona Norte, en audiencia el Ministerio P\u00fablico logr\u00f3 del Juez de Control vinculaci\u00f3n a proceso en contra de Pedro Antonio \u00abN\u00bb y Edwin \u00abN\u00bb como probables responsables del delito de Homicidio Calificado en agravio de 6 personas del sexo masculino en un autolavado de la ciudad de Iguala de la Independencia, regi\u00f3n Norte.<\/p>\n<p style=\"text-align: justify;\">Los imputados son acusados de privar de la vida a las victimas el d\u00eda 28 de enero de 2021, en un autolavado ubicado en las calles Herilnda Garc\u00eda y Benito Ju\u00e1rez cerca del Z\u00f3calo de la ciudad, hechos en la carpeta judicial C-17\/2021. As\u00ed mismo se investiga su probable participaci\u00f3n en otros delitos cometidos en esta regi\u00f3n.<\/p>\n<p style=\"text-align: justify;\">Con fecha 11 de febrero de 2021, en audiencia celebrada se expusieron los datos de prueba por lo que el Juez de Control y Enjuiciamiento Penal vincul\u00f3 a proceso a Pedro Antonio \u00abN\u00bb y Edwin \u00abN\u00bb, como probables responsables de Homicidio Calificado en agravio de 6 personas del sexo masculino, otorgando tres meses de investigaci\u00f3n complementaria, quedando internos en el Centro de Reinserci\u00f3n Social de Iguala con la medida cautelar de prisi\u00f3n preventiva oficiosa.<\/p>\n<p style=\"text-align: justify;\">CAPTURA DE FEMINICIDA EN ACAPULCO<\/p>\n<p><img loading=\"lazy\" decoding=\"async\" class=\"alignleft size-medium wp-image-1221053\" src=\"https:\/\/www.acapulco.press\/wp-content\/uploads\/2021\/02\/fge-rogelio-feminicida-375x375.jpg\" alt=\"\" width=\"375\" height=\"375\" \/>Agentes ministeriales de la Fiscal\u00eda de Feminicidios en Acapulco, cumplimentaron la orden de aprehensi\u00f3n en contra de Rogelio \u00abN\u00bb, al\u00edas \u00abEl Chino\u00bb y fue vinculado a proceso como probable responsable del delito de Feminicidio.<\/p>\n<p style=\"text-align: justify;\">De los hechos en la carpeta judicial C-107\/2017, el imputado es acusado de privar de la vida a la v\u00edctima el d\u00eda 16 de mayo de 2017, en el interior del cuarto de ba\u00f1o de su rec\u00e1mara, en la colonia Progreso.<\/p>\n<p style=\"text-align: justify;\">En la audiencia inicial quedaron expuestos los datos de prueba por parte del Ministerio P\u00fablico y logr\u00f3 del Juez de Control del Distrito de Tabares vinculaci\u00f3n a proceso por el delito de Feminicidio, otorgando 4 meses de investigaci\u00f3n complementaria, quedando bajo la medida cautelar de prisi\u00f3n preventiva e interno en el Centro de Reinserci\u00f3n Social de Acapulco.<\/p>\n","protected":false},"excerpt":{"rendered":"<p>CHILPANCINGO. * 12 de febrero de 2021. ] https:\/\/fiscaliaguerrero.gob.mx. Luego de dar cumplimiento a la orden de aprehensi\u00f3n por agentes ministeriales de zona Norte, en audiencia el Ministerio P\u00fablico logr\u00f3 del Juez de Control vinculaci\u00f3n a proceso en contra de Pedro Antonio \u00abN\u00bb y Edwin \u00abN\u00bb como probables responsables del delito de Homicidio Calificado en&#8230;<\/p>\n","protected":false},"author":2,"featured_media":1221052,"comment_status":"closed","ping_status":"closed","sticky":false,"template":"","format":"standard","meta":{"footnotes":""},"categories":[18561,2005],"tags":[8682,10946,14737],"class_list":["post-1221051","post","type-post","status-publish","format-standard","has-post-thumbnail","hentry","category-society-politics","category-seguridad-y-justicia","tag-fiscalia-general-de-guerrero-fge","tag-jorge-zuriel-de-los-santos-barrila","tag-policia-ministerial-de-guerrero"],"_links":{"self":[{"href":"https:\/\/www.acapulcopress.com\/index.php\/wp-json\/wp\/v2\/posts\/1221051","targetHints":{"allow":["GET"]}}],"collection":[{"href":"https:\/\/www.acapulcopress.com\/index.php\/wp-json\/wp\/v2\/posts"}],"about":[{"href":"https:\/\/www.acapulcopress.com\/index.php\/wp-json\/wp\/v2\/types\/post"}],"author":[{"embeddable":true,"href":"https:\/\/www.acapulcopress.com\/index.php\/wp-json\/wp\/v2\/users\/2"}],"replies":[{"embeddable":true,"href":"https:\/\/www.acapulcopress.com\/index.php\/wp-json\/wp\/v2\/comments?post=1221051"}],"version-history":[{"count":0,"href":"https:\/\/www.acapulcopress.com\/index.php\/wp-json\/wp\/v2\/posts\/1221051\/revisions"}],"wp:featuredmedia":[{"embeddable":true,"href":"https:\/\/www.acapulcopress.com\/index.php\/wp-json\/"}],"wp:attachment":[{"href":"https:\/\/www.acapulcopress.com\/index.php\/wp-json\/wp\/v2\/media?parent=1221051"}],"wp:term":[{"taxonomy":"category","embeddable":true,"href":"https:\/\/www.acapulcopress.com\/index.php\/wp-json\/wp\/v2\/categories?post=1221051"},{"taxonomy":"post_tag","embeddable":true,"href":"https:\/\/www.acapulcopress.com\/index.php\/wp-json\/wp\/v2\/tags?post=1221051"}],"curies":[{"name":"wp","href":"https:\/\/api.w.org\/{rel}","templated":true}]}}