{"id":1221060,"date":"2021-02-10T18:16:10","date_gmt":"2021-02-11T00:16:10","guid":{"rendered":"https:\/\/www.acapulcopress.com\/?p=1221060"},"modified":"2021-02-10T18:16:10","modified_gmt":"2021-02-11T00:16:10","slug":"1221060","status":"publish","type":"post","link":"https:\/\/www.acapulcopress.com\/index.php\/2021\/02\/10\/1221060\/","title":{"rendered":"Pide rector Javier Salda\u00f1a proteger salud de los universitarios"},"content":{"rendered":"<p style=\"text-align: justify;\">CHILPANCINGO. * 10 de febrero de 2021.<br \/>\n<em>] UAGro.<\/em><\/p>\n<p style=\"text-align: justify;\">El rector de la Universidad Aut\u00f3noma de Guerrero, Javier Salda\u00f1a Almaz\u00e1n llam\u00f3 a los universitarios a \u201ccuidar mucho a su familia\u201d debido a que la pandemia del Covid-19 es muy compleja y deja \u201cmuy mala experiencia a las familias que toca\u201d.<\/p>\n<p style=\"text-align: justify;\">El rector de la m\u00e1xima casa de estudios grab\u00f3 un mensaje para los estudiantes y universitarios en la ceremonia protocolaria del inicio del semestre Febrero-Julio que continuar\u00e1 de manera virtual en la UAGro hasta que las autoridades de salud estatal y federal autoricen el regreso a clases presenciales.<\/p>\n<p style=\"text-align: justify;\">Salda\u00f1a Almaz\u00e1n pidi\u00f3 a los directores de las escuelas y facultades a no exponer la salud de los estudiantes; dijo que en la UAGro se est\u00e1 cumpliendo el mandato del Gobierno Federal de trabajar de manera en l\u00ednea y en algunos casos se har\u00e1n las pr\u00e1cticas en las escuelas con todas las medidas de seguridad.<\/p>\n<p style=\"text-align: justify;\">Javier Salda\u00f1a Almaz\u00e1n tambi\u00e9n inform\u00f3 que ya fue firmado el convenio del presupuesto 2021 entre la Secretar\u00eda de Educaci\u00f3n P\u00fablica, el Gobierno del Estado y la UAGro de manera que los trabajadores \u201cdeben tener la certeza de que sus pagos ser\u00e1n puntuales, seguiremos gestionando para el bienestar de ustedes y de sus familias\u201d.<\/p>\n<p style=\"text-align: justify;\">Durante el acto inaugural que se realiz\u00f3 de manera virtual, la directora del Sistema de Educaci\u00f3n Virtual, Felicidad Bonilla G\u00f3mez inform\u00f3 que la compa\u00f1\u00eda Google Education seleccion\u00f3 a la UAGro como una de las instituciones en el mundo que formar\u00e1n parte de la campa\u00f1a de Casos de \u00c9xito y que han implementado de manera eficaz programas educativos de manera virtual utilizando las herramientas de Google.<\/p>\n<p style=\"text-align: justify;\">Bonilla G\u00f3mez record\u00f3 que desde el inicio de la pandemia en Guerrero la UAGro actu\u00f3 r\u00e1pido para no perder el semestre: \u201ccontinuaron las actividades de capacitaci\u00f3n intensiva para utilizar la plataforma en l\u00ednea de la UAGro y hago un llamado a todos los directores para revisar y analizar el nivel del uso de las tecnolog\u00edas en sus centros de trabajo y en caso necesario solicitar capacitaci\u00f3n, somos facilitadores para el proceso de ense\u00f1anza aprendizaje\u201d.<\/p>\n","protected":false},"excerpt":{"rendered":"<p>CHILPANCINGO. * 10 de febrero de 2021. ] UAGro. El rector de la Universidad Aut\u00f3noma de Guerrero, Javier Salda\u00f1a Almaz\u00e1n llam\u00f3 a los universitarios a \u201ccuidar mucho a su familia\u201d debido a que la pandemia del Covid-19 es muy compleja y deja \u201cmuy mala experiencia a las familias que toca\u201d. El rector de la m\u00e1xima&#8230;<\/p>\n","protected":false},"author":2,"featured_media":1221062,"comment_status":"closed","ping_status":"closed","sticky":false,"template":"","format":"standard","meta":{"footnotes":""},"categories":[18561,2016],"tags":[6705,10644,17463,17610],"class_list":["post-1221060","post","type-post","status-publish","format-standard","has-post-thumbnail","hentry","category-society-politics","category-uagro-society-politics","tag-covid19","tag-javier-saldana-almazan","tag-uagro","tag-universidad-autonoma-de-guerrero-uagro"],"_links":{"self":[{"href":"https:\/\/www.acapulcopress.com\/index.php\/wp-json\/wp\/v2\/posts\/1221060","targetHints":{"allow":["GET"]}}],"collection":[{"href":"https:\/\/www.acapulcopress.com\/index.php\/wp-json\/wp\/v2\/posts"}],"about":[{"href":"https:\/\/www.acapulcopress.com\/index.php\/wp-json\/wp\/v2\/types\/post"}],"author":[{"embeddable":true,"href":"https:\/\/www.acapulcopress.com\/index.php\/wp-json\/wp\/v2\/users\/2"}],"replies":[{"embeddable":true,"href":"https:\/\/www.acapulcopress.com\/index.php\/wp-json\/wp\/v2\/comments?post=1221060"}],"version-history":[{"count":0,"href":"https:\/\/www.acapulcopress.com\/index.php\/wp-json\/wp\/v2\/posts\/1221060\/revisions"}],"wp:featuredmedia":[{"embeddable":true,"href":"https:\/\/www.acapulcopress.com\/index.php\/wp-json\/"}],"wp:attachment":[{"href":"https:\/\/www.acapulcopress.com\/index.php\/wp-json\/wp\/v2\/media?parent=1221060"}],"wp:term":[{"taxonomy":"category","embeddable":true,"href":"https:\/\/www.acapulcopress.com\/index.php\/wp-json\/wp\/v2\/categories?post=1221060"},{"taxonomy":"post_tag","embeddable":true,"href":"https:\/\/www.acapulcopress.com\/index.php\/wp-json\/wp\/v2\/tags?post=1221060"}],"curies":[{"name":"wp","href":"https:\/\/api.w.org\/{rel}","templated":true}]}}