{"id":1221069,"date":"2021-02-12T18:30:14","date_gmt":"2021-02-13T00:30:14","guid":{"rendered":"https:\/\/www.acapulcopress.com\/?p=1221069"},"modified":"2021-02-12T18:30:14","modified_gmt":"2021-02-13T00:30:14","slug":"invita-uagro-a-1a-expo-virtual-de-orientacion-profesiografica","status":"publish","type":"post","link":"https:\/\/www.acapulcopress.com\/index.php\/2021\/02\/12\/invita-uagro-a-1a-expo-virtual-de-orientacion-profesiografica\/","title":{"rendered":"Invita UAGro a \u201c1a Expo virtual de orientaci\u00f3n profesiogr\u00e1fica\u201d"},"content":{"rendered":"<p>CHILPANCINGO. * 12 de febrero de 2021.<br \/>\n<em>] UAGro.<\/em><\/p>\n<p style=\"text-align: justify;\">El rector Javier Salda\u00f1a invit\u00f3 a estudiantes en opci\u00f3n de elegir la licenciatura que vayan a cursar o que est\u00e9n por egresar al bachillerato a seguir, a trav\u00e9s de <em>Facebook Live<\/em> de las p\u00e1ginas <a href=\"https:\/\/www.facebook.com\/JavSaldana\" target=\"_blank\" rel=\"noopener\">https:\/\/www.facebook.com\/JavSaldana<\/a>\/, <a href=\"https:\/\/www.facebook.com\/UAGro.MX.Oficial\" target=\"_blank\" rel=\"noopener\">https:\/\/www.facebook.com\/UAGro.MX.Oficial<\/a>\/y <a href=\"https:\/\/www.facebook.com\/MariluEMS\" target=\"_blank\" rel=\"noopener\">https:\/\/www.facebook.com\/MariluEMS<\/a>\/, la \u201c1a Expo virtual de orientaci\u00f3n profesiogr\u00e1fica\u201d, que se desarrollar\u00e1 del 15 al 17 de febrero y donde tendr\u00e1n la oportunidad de conocer a detalle la oferta educativa de la #UAGro.<\/p>\n","protected":false},"excerpt":{"rendered":"<p>CHILPANCINGO. * 12 de febrero de 2021. ] UAGro. El rector Javier Salda\u00f1a invit\u00f3 a estudiantes en opci\u00f3n de elegir la licenciatura que vayan a cursar o que est\u00e9n por egresar al bachillerato a seguir, a trav\u00e9s de Facebook Live de las p\u00e1ginas https:\/\/www.facebook.com\/JavSaldana\/, https:\/\/www.facebook.com\/UAGro.MX.Oficial\/y https:\/\/www.facebook.com\/MariluEMS\/, la \u201c1a Expo virtual de orientaci\u00f3n profesiogr\u00e1fica\u201d, que se&#8230;<\/p>\n","protected":false},"author":2,"featured_media":1221061,"comment_status":"closed","ping_status":"closed","sticky":false,"template":"","format":"standard","meta":{"footnotes":""},"categories":[18561,2016],"tags":[6705,10644,17463,17610],"class_list":["post-1221069","post","type-post","status-publish","format-standard","has-post-thumbnail","hentry","category-society-politics","category-uagro-society-politics","tag-covid19","tag-javier-saldana-almazan","tag-uagro","tag-universidad-autonoma-de-guerrero-uagro"],"_links":{"self":[{"href":"https:\/\/www.acapulcopress.com\/index.php\/wp-json\/wp\/v2\/posts\/1221069","targetHints":{"allow":["GET"]}}],"collection":[{"href":"https:\/\/www.acapulcopress.com\/index.php\/wp-json\/wp\/v2\/posts"}],"about":[{"href":"https:\/\/www.acapulcopress.com\/index.php\/wp-json\/wp\/v2\/types\/post"}],"author":[{"embeddable":true,"href":"https:\/\/www.acapulcopress.com\/index.php\/wp-json\/wp\/v2\/users\/2"}],"replies":[{"embeddable":true,"href":"https:\/\/www.acapulcopress.com\/index.php\/wp-json\/wp\/v2\/comments?post=1221069"}],"version-history":[{"count":0,"href":"https:\/\/www.acapulcopress.com\/index.php\/wp-json\/wp\/v2\/posts\/1221069\/revisions"}],"wp:featuredmedia":[{"embeddable":true,"href":"https:\/\/www.acapulcopress.com\/index.php\/wp-json\/"}],"wp:attachment":[{"href":"https:\/\/www.acapulcopress.com\/index.php\/wp-json\/wp\/v2\/media?parent=1221069"}],"wp:term":[{"taxonomy":"category","embeddable":true,"href":"https:\/\/www.acapulcopress.com\/index.php\/wp-json\/wp\/v2\/categories?post=1221069"},{"taxonomy":"post_tag","embeddable":true,"href":"https:\/\/www.acapulcopress.com\/index.php\/wp-json\/wp\/v2\/tags?post=1221069"}],"curies":[{"name":"wp","href":"https:\/\/api.w.org\/{rel}","templated":true}]}}