{"id":1221094,"date":"2021-02-12T19:20:40","date_gmt":"2021-02-13T01:20:40","guid":{"rendered":"https:\/\/www.acapulcopress.com\/?p=1221094"},"modified":"2021-02-12T19:20:40","modified_gmt":"2021-02-13T01:20:40","slug":"guerrero-continuara-en-semaforo-rojo-15-dias-mas-anuncia-el-gobernador","status":"publish","type":"post","link":"https:\/\/www.acapulcopress.com\/index.php\/2021\/02\/12\/guerrero-continuara-en-semaforo-rojo-15-dias-mas-anuncia-el-gobernador\/","title":{"rendered":"Guerrero continuar\u00e1 en &#8216;sem\u00e1foro rojo&#8217; 15 d\u00edas m\u00e1s, anuncia el Gobernador"},"content":{"rendered":"<p style=\"text-align: justify;\"><strong>*\u00a0 Guerrero acumula 33 mil 578 casos confirmados y 3 mil 308 defunciones: #SaludGro.<\/strong><\/p>\n<p>CHILPANCINGO. * 12 de febrero de 2021.<br \/>\n<em>] Gobierno de Guerrero.<\/em><\/p>\n<p style=\"text-align: justify;\">Los pr\u00f3ximos quince d\u00edas vamos a seguir en sem\u00e1foro rojo, nosotros creemos que esto nos tiene que ayudar para continuar en una ruta de disminuci\u00f3n de contagios, eso es muy importante. Entonces tenemos que hacer un esfuerzo quince d\u00edas m\u00e1s para que podamos aspirar a mejorar, a disminuir, a que baje el n\u00famero de fallecimientos al d\u00eda y por supuesto, para que se utilicen menos hospitales, se\u00f1al\u00f3 el gobernador H\u00e9ctor Astudillo Flores durante la transmisi\u00f3n diaria por la situaci\u00f3n del Covid-19 en la entidad.<\/p>\n<p style=\"text-align: justify;\">Acompa\u00f1ado por el secretario de Salud, Carlos de la Pe\u00f1a Pintos, el mandatario estatal insisti\u00f3 en que se tiene que seguir trabajando para lograr un decremento en los indicadores relacionados con la pandemia, por ello pidi\u00f3 a la poblaci\u00f3n seguir siendo responsables en cuanto a las medidas sanitarias y sobre todo, utilizar de manera adecuada el cubrebocas.<\/p>\n<p style=\"text-align: justify;\">A este respecto se refiri\u00f3 a la campa\u00f1a P\u00f3ntelo, P\u00f3nselo mediante la cual se est\u00e1n repartiendo m\u00e1s de 500 mil cubrebocas a lo largo y ancho del estado; tambi\u00e9n destac\u00f3 la serie de acciones y jornadas de sanitizaci\u00f3n en distintos municipios, as\u00ed como la coordinaci\u00f3n de esfuerzos con los ayuntamientos y el gobierno federal para poner en marcha el operativo especial de fines de semana en playas y el de suspensi\u00f3n de fiestas para evitar aglomeraciones.<\/p>\n<p style=\"text-align: justify;\">\u201cNo se trata de molestar a nadie, se trata de evitar que molesten a los dem\u00e1s, con las fiestas, con la m\u00fasica, con la desvelada y yo creo que no solamente a las fiestas particulares, sino a todo lo que es aquellos establecimientos que tienen que ser regidos bajo una serie de medidas estrictas, en este caso por el Covid-19\u201d, a\u00f1adi\u00f3.<\/p>\n<p style=\"text-align: justify;\">Astudillo Flores anunci\u00f3 que el pr\u00f3ximo domingo participar\u00e1 en el evento por el aniversario luctuoso del consumador de la Independencia de M\u00e9xico, Vicente Guerrero; el cual se realizar\u00e1 en Cuil\u00e1pan, Oaxaca con la presencia del presidente Andr\u00e9s Manuel L\u00f3pez Obrador.<\/p>\n<p style=\"text-align: justify;\"><strong>Los datos del Covid-19 en Guerrero<\/strong><\/p>\n<p style=\"text-align: justify;\">Durante su reporte diario, el titular de Salud dio a conocer que a la fecha, la entidad acumula 33 mil 578 casos confirmados, 3 mil 308 defunciones y 176 casos nuevos.<\/p>\n<p style=\"text-align: justify;\"><img loading=\"lazy\" decoding=\"async\" class=\"alignleft size-medium wp-image-1221096\" src=\"https:\/\/www.acapulco.press\/wp-content\/uploads\/2021\/02\/GUERRERO-ROJO-COVID2-375x268.jpeg\" alt=\"\" width=\"375\" height=\"268\" \/>En cuanto a los casos activos, dijo que hay una disminuci\u00f3n y actualmente hay un registro de 911, siendo los municipios de Acapulco, Chilpancingo, Zihuatanejo, Iguala, Taxco, Tlapa, Tixtla, Tlapehuala, Tecpan, Benito Ju\u00e1rez, General Heliodoro Castillo, Eduardo Neri, Arcelia, Ajuchitl\u00e1n del Progreso y Petatl\u00e1n, donde se concentran la mayor\u00eda. A este respecto, De la Pe\u00f1a Pintos inform\u00f3 que hay especial atenci\u00f3n a estos puntos en donde se presenta la mayor movilidad del virus.<\/p>\n<p style=\"text-align: justify;\">Hay 382 pacientes hospitalizados, de los cuales 86 se encuentran en estado cr\u00edtico intubados, destacando tambi\u00e9n una estabilidad con cierta tendencia a la disminuci\u00f3n.<\/p>\n<p style=\"text-align: justify;\">En cuanto a la ocupaci\u00f3n hospitalaria, la entidad tiene un 52%, ubic\u00e1ndose por arriba de la media nacional, que es de 46. Mientras que en la ocupaci\u00f3n de ventiladores alcanza 39 puntos, por debajo de la media nacional que es de 43.<\/p>\n<p style=\"text-align: justify;\">Para concluir, el mandatario estatal recomend\u00f3 a la poblaci\u00f3n a seguir en esta ruta de colaboraci\u00f3n y corresponsabilidad. \u201cLa recomendaci\u00f3n hay que seguirnos cuidando, hay que cuidar a la familia y hay que cuidar a todos nuestros compa\u00f1eros y a las personas con que convivimos\u201d, afirm\u00f3.<\/p>\n","protected":false},"excerpt":{"rendered":"<p>*\u00a0 Guerrero acumula 33 mil 578 casos confirmados y 3 mil 308 defunciones: #SaludGro. CHILPANCINGO. * 12 de febrero de 2021. ] Gobierno de Guerrero. Los pr\u00f3ximos quince d\u00edas vamos a seguir en sem\u00e1foro rojo, nosotros creemos que esto nos tiene que ayudar para continuar en una ruta de disminuci\u00f3n de contagios, eso es muy&#8230;<\/p>\n","protected":false},"author":2,"featured_media":1221095,"comment_status":"closed","ping_status":"closed","sticky":false,"template":"","format":"standard","meta":{"footnotes":""},"categories":[1972,18573,1983,18580],"tags":[6705,9302,9705,16421],"class_list":["post-1221094","post","type-post","status-publish","format-standard","has-post-thumbnail","hentry","category-special","category-goverment","category-guerrerogob","category-salud-mundial","tag-covid19","tag-gobierno-de-guerrero","tag-hector-astudillo-flores","tag-semaforo-de-riesgo-covid19"],"_links":{"self":[{"href":"https:\/\/www.acapulcopress.com\/index.php\/wp-json\/wp\/v2\/posts\/1221094","targetHints":{"allow":["GET"]}}],"collection":[{"href":"https:\/\/www.acapulcopress.com\/index.php\/wp-json\/wp\/v2\/posts"}],"about":[{"href":"https:\/\/www.acapulcopress.com\/index.php\/wp-json\/wp\/v2\/types\/post"}],"author":[{"embeddable":true,"href":"https:\/\/www.acapulcopress.com\/index.php\/wp-json\/wp\/v2\/users\/2"}],"replies":[{"embeddable":true,"href":"https:\/\/www.acapulcopress.com\/index.php\/wp-json\/wp\/v2\/comments?post=1221094"}],"version-history":[{"count":0,"href":"https:\/\/www.acapulcopress.com\/index.php\/wp-json\/wp\/v2\/posts\/1221094\/revisions"}],"wp:featuredmedia":[{"embeddable":true,"href":"https:\/\/www.acapulcopress.com\/index.php\/wp-json\/"}],"wp:attachment":[{"href":"https:\/\/www.acapulcopress.com\/index.php\/wp-json\/wp\/v2\/media?parent=1221094"}],"wp:term":[{"taxonomy":"category","embeddable":true,"href":"https:\/\/www.acapulcopress.com\/index.php\/wp-json\/wp\/v2\/categories?post=1221094"},{"taxonomy":"post_tag","embeddable":true,"href":"https:\/\/www.acapulcopress.com\/index.php\/wp-json\/wp\/v2\/tags?post=1221094"}],"curies":[{"name":"wp","href":"https:\/\/api.w.org\/{rel}","templated":true}]}}