{"id":1221109,"date":"2021-02-12T19:45:42","date_gmt":"2021-02-13T01:45:42","guid":{"rendered":"https:\/\/www.acapulcopress.com\/?p=1221109"},"modified":"2021-02-12T19:45:42","modified_gmt":"2021-02-13T01:45:42","slug":"amlo-proxima-semana-inicia-vacunacion-nacional-masiva-contra-covid19","status":"publish","type":"post","link":"https:\/\/www.acapulcopress.com\/index.php\/2021\/02\/12\/amlo-proxima-semana-inicia-vacunacion-nacional-masiva-contra-covid19\/","title":{"rendered":"AMLO | Pr\u00f3xima semana inicia vacunaci\u00f3n nacional masiva contra Covid19"},"content":{"rendered":"<p style=\"text-align: justify;\">CIUDA DE M\u00c9XICO. * 12 de febrero de 2021.<br \/>\n<em>] Gobierno de M\u00e9xico.<\/em><\/p>\n<p style=\"text-align: justify;\">El presidente Andr\u00e9s Manuel L\u00f3pez Obrador adelant\u00f3 que la pr\u00f3xima semana iniciar\u00e1 el Plan Nacional de Vacunaci\u00f3n contra COVID-19 en todo el pa\u00eds. Los pormenores de esta etapa se dar\u00e1n a conocer el domingo durante una conferencia de prensa matutina desde Oaxaca.<\/p>\n<p style=\"text-align: justify;\">\u201cYa est\u00e1 bajando el contagio, ya tenemos menos enfermos en los hospitales y tambi\u00e9n est\u00e1 bajando el n\u00famero de fallecimientos, esto es alentador (\u2026) y ya vamos a comenzar la campa\u00f1a nacional masiva de vacunaci\u00f3n en todo el pa\u00eds, vamos a informar sobre esta campa\u00f1a el domingo en Oaxaca; pero s\u00ed puedo adelantar que ya desde la semana que viene iniciamos la vacunaci\u00f3n en todo el pa\u00eds\u201d, inform\u00f3 el jefe del Ejecutivo.<\/p>\n<p style=\"text-align: justify;\">Inform\u00f3 que se tienen contratos para la adquisici\u00f3n de vacunas y a partir de la siguiente semana la vacunaci\u00f3n ser\u00e1 continua.<\/p>\n<p style=\"text-align: justify;\">Sostuvo que la estrategia para controlar la epidemia de COVID-19 es la adecuada y con la vacuna se podr\u00e1 proteger a la poblaci\u00f3n, evitar fallecimientos y lograr la recuperaci\u00f3n econ\u00f3mica.<\/p>\n","protected":false},"excerpt":{"rendered":"<p>CIUDA DE M\u00c9XICO. * 12 de febrero de 2021. ] Gobierno de M\u00e9xico. El presidente Andr\u00e9s Manuel L\u00f3pez Obrador adelant\u00f3 que la pr\u00f3xima semana iniciar\u00e1 el Plan Nacional de Vacunaci\u00f3n contra COVID-19 en todo el pa\u00eds. Los pormenores de esta etapa se dar\u00e1n a conocer el domingo durante una conferencia de prensa matutina desde Oaxaca&#8230;.<\/p>\n","protected":false},"author":2,"featured_media":1221110,"comment_status":"closed","ping_status":"closed","sticky":false,"template":"","format":"standard","meta":{"footnotes":""},"categories":[1969,1972,18574],"tags":[3896,5415,9310,13769,17746],"class_list":["post-1221109","post","type-post","status-publish","format-standard","has-post-thumbnail","hentry","category-trending","category-special","category-gobierno-la-foto","tag-andres-manuel-lopez-obrador","tag-ccovid19","tag-gobierno-de-mexico","tag-noticias-amlo","tag-vacunas-covid19"],"_links":{"self":[{"href":"https:\/\/www.acapulcopress.com\/index.php\/wp-json\/wp\/v2\/posts\/1221109","targetHints":{"allow":["GET"]}}],"collection":[{"href":"https:\/\/www.acapulcopress.com\/index.php\/wp-json\/wp\/v2\/posts"}],"about":[{"href":"https:\/\/www.acapulcopress.com\/index.php\/wp-json\/wp\/v2\/types\/post"}],"author":[{"embeddable":true,"href":"https:\/\/www.acapulcopress.com\/index.php\/wp-json\/wp\/v2\/users\/2"}],"replies":[{"embeddable":true,"href":"https:\/\/www.acapulcopress.com\/index.php\/wp-json\/wp\/v2\/comments?post=1221109"}],"version-history":[{"count":0,"href":"https:\/\/www.acapulcopress.com\/index.php\/wp-json\/wp\/v2\/posts\/1221109\/revisions"}],"wp:featuredmedia":[{"embeddable":true,"href":"https:\/\/www.acapulcopress.com\/index.php\/wp-json\/"}],"wp:attachment":[{"href":"https:\/\/www.acapulcopress.com\/index.php\/wp-json\/wp\/v2\/media?parent=1221109"}],"wp:term":[{"taxonomy":"category","embeddable":true,"href":"https:\/\/www.acapulcopress.com\/index.php\/wp-json\/wp\/v2\/categories?post=1221109"},{"taxonomy":"post_tag","embeddable":true,"href":"https:\/\/www.acapulcopress.com\/index.php\/wp-json\/wp\/v2\/tags?post=1221109"}],"curies":[{"name":"wp","href":"https:\/\/api.w.org\/{rel}","templated":true}]}}