{"id":1221124,"date":"2021-02-12T20:19:54","date_gmt":"2021-02-13T02:19:54","guid":{"rendered":"https:\/\/www.acapulcopress.com\/?p=1221124"},"modified":"2021-02-12T20:19:54","modified_gmt":"2021-02-13T02:19:54","slug":"pandemia-causo-derrumbe-sin-precedentes-en-materia-turistica-en-mexico","status":"publish","type":"post","link":"https:\/\/www.acapulcopress.com\/index.php\/2021\/02\/12\/pandemia-causo-derrumbe-sin-precedentes-en-materia-turistica-en-mexico\/","title":{"rendered":"Pandemia caus\u00f3 derrumbe sin precedentes en materia tur\u00edstica en M\u00e9xico"},"content":{"rendered":"<p style=\"text-align: justify;\">CIUDAD DE M\u00c9XICO. * 12 de febrero de 2021.<br \/>\n<em>] <a href=\"http:\/\/www.ansalatina.com\/americalatina\/noticia\/mexico\/2021\/02\/12\/desplome-historico-del-turismo-en-mexico_61d8c479-d5a9-41a7-a79e-479a2176cd3e.html\" target=\"_blank\" rel=\"noopener\">ANSA.<\/a><\/em><\/p>\n<p style=\"text-align: justify;\">M\u00e9xico sufri\u00f3 el a\u00f1o pasado un derrumbe sin precedentes en materia tur\u00edstica, al caer esta actividad a su nivel m\u00e1s bajo en cuatro d\u00e9cadas, debido a la pandemia de Covid-19, que oblig\u00f3 al gobierno a decretar una prolongada cuarentena.<\/p>\n<p style=\"text-align: justify;\">De acuerdo con un informe del Instituto Nacional de Estad\u00edstica y Geograf\u00eda (INEGI), el pa\u00eds capt\u00f3 11.025 millones de d\u00f3lares por el gasto de visitantes del exterior en 2020, el menor ingreso en divisas del sector en los \u00faltimos 16 a\u00f1os.<\/p>\n<p style=\"text-align: justify;\">El descenso en vertical ocurre cuando M\u00e9xico llevaba una racha de siete a\u00f1os al hilo con m\u00e1ximos hist\u00f3ricos de visitantes for\u00e1neos.<\/p>\n<p style=\"text-align: justify;\">Los ingresos tur\u00edsticos en 2020 equivalen a 55% menos que los de 2019 y desde que hay cifras disponibles M\u00e9xico no registraba un colapso de esta envergadura.<\/p>\n<p style=\"text-align: justify;\">Los turistas que suelen gastar m\u00e1s dinero en M\u00e9xico son los arriban por la v\u00eda a\u00e9rea, sobre todo de Estados Unidos y Canad\u00e1, los cuales desembolsaron unos fue de 8.301 millones de d\u00f3lares el a\u00f1o pasado.<\/p>\n<p style=\"text-align: justify;\">Los destinos favoritos de los estadounidenses fueron los centros veraniegos de Canc\u00fan (sureste), Puerto Vallarta (occidente), Los Cabos (noroeste y la Ciudad de M\u00e9xico.<\/p>\n<p style=\"text-align: justify;\">A pesar de todo M\u00e9xico recibi\u00f3 24.316.000 turistas internacionales el a\u00f1o pasado, pero en un mundo en el cual los viajes tur\u00edsticos se convirtieron en una rareza, el ministerio de Salud estima que M\u00e9xico pas\u00f3 del s\u00e9ptimo al tercer lugar mundial en llegada de turistas internacionales en 2020, s\u00f3lo superado por Italia y Francia.<\/p>\n<p style=\"text-align: justify;\">El ministro de Turismo, Miguel Torruco, afirm\u00f3 la industria sin chimeneas tuvo en 2020 su peor a\u00f1o desde la Segunda Guerra Mundial (1939-1945) y estima que, ni siquiera en el mejor de los escenarios, lograr\u00e1 recuperarse durante 2021 de las p\u00e9rdidas que le ocasionaron las restricciones por la pandemia.<\/p>\n<p style=\"text-align: justify;\">La estimaci\u00f3n m\u00e1s conservadora del gobierno calcula que M\u00e9xico puede recibir 14.400 millones de d\u00f3lares por el gasto efectuado de viajeros internacionales en 2021, 41% menos que en 2019, antes de la pandemia.<\/p>\n<p style=\"text-align: justify;\">En cuanto a la cantidad de turistas extranjeros, se proyecta la llegada de 30.4 millones, una ca\u00edda de 32% frente a 2019.<\/p>\n<p style=\"text-align: justify;\">El presidente del Consejo Nacional Empresarial Tur\u00edstico (CNET), Braulio Arsuaga, vaticin\u00f3 que 2021 puede ser \u00abmucho peor\u00bb para el turismo que 2020, debido a la decisi\u00f3n del gobierno de Canad\u00e1 de suspender sus vuelos a M\u00e9xico del 31 de enero al 30 de abril.<\/p>\n<p style=\"text-align: justify;\">El \u00abgolpe\u00bb representa p\u00e9rdidas por unos 1.000 millones de d\u00f3lares para la industria tur\u00edstica, pues los viajeros canadienses suelen elegir a M\u00e9xico como uno de sus principales destinos durante su \u00e9poca de vacaciones.<br \/>\nEl gobierno de Justin Trudeau oblig\u00f3 a todas las aerol\u00edneas de su pa\u00eds a cancelar los vuelos a destinos de playa en M\u00e9xico, a fin de evitar contagios del Covid-19, aunque reconoci\u00f3 que menos del 2% de los casos que se registran son por viajeros internacionales.<\/p>\n<p style=\"text-align: justify;\">Sin embargo, justific\u00f3 la medida bajo el argumento de que Canad\u00e1 est\u00e1 \u00abfortaleciendo las medidas fronterizas\u00bb para mantener a sus compatriotas seguros.<\/p>\n<p style=\"text-align: justify;\">El Centro de Investigaci\u00f3n y Competitividad Tur\u00edstica (Cicotur) de la Universidad An\u00e1huac, se\u00f1al\u00f3 que la prohibici\u00f3n de viajes por tres meses reducir\u00e1 en 95% el volumen de viajeros canadienses que ingresan al pa\u00eds v\u00eda a\u00e9rea, esto en comparaci\u00f3n con igual periodo del 2019.<\/p>\n<p style=\"text-align: justify;\">El director de este organismo Francisco Madrid indic\u00f3 que el cierre de fronteras impedir\u00e1 que 1,2 millones de turistas cancelen sus planes de viaje a por lo menos cinco populares destinos tur\u00edsticos como la norte\u00f1a ciudad costera de Mazatl\u00e1n, estado norte\u00f1o de Sinaloa.<\/p>\n<p style=\"text-align: justify;\">Air Canada se\u00f1al\u00f3 que trabaja en un plan de repatriaci\u00f3n de residentes canadienses para que puedan volver a su pa\u00eds, incluso despu\u00e9s de la entrada en vigor de las restricciones de vuelo, con algunos vuelos desde Canc\u00fan, Ciudad de M\u00e9xico, Puerto Vallarta y otros destinos en el Caribe.<\/p>\n<p style=\"text-align: justify;\">El Consejo Nacional Empresarial Tur\u00edstico (CNET) se\u00f1al\u00f3 que las restricciones impactar\u00e1n sobre todo la temporada de Semana Santa, una de las m\u00e1s pr\u00f3digas en viajes de canadienses a M\u00e9xico.<\/p>\n","protected":false},"excerpt":{"rendered":"<p>CIUDAD DE M\u00c9XICO. * 12 de febrero de 2021. ] ANSA. M\u00e9xico sufri\u00f3 el a\u00f1o pasado un derrumbe sin precedentes en materia tur\u00edstica, al caer esta actividad a su nivel m\u00e1s bajo en cuatro d\u00e9cadas, debido a la pandemia de Covid-19, que oblig\u00f3 al gobierno a decretar una prolongada cuarentena. De acuerdo con un informe&#8230;<\/p>\n","protected":false},"author":2,"featured_media":1221125,"comment_status":"closed","ping_status":"closed","sticky":false,"template":"","format":"standard","meta":{"footnotes":""},"categories":[1969,1972,1976],"tags":[5512,9310,10309,13140,16301,17444],"class_list":["post-1221124","post","type-post","status-publish","format-standard","has-post-thumbnail","hentry","category-trending","category-special","category-tourism","tag-centro-de-investigacion-y-competitividad-turistica-cicotur","tag-gobierno-de-mexico","tag-instituto-nacional-de-estadistica-y-geografia-inegi","tag-miguel-torruco","tag-secretaria-de-turismo-mexico-sectur","tag-turismo-mexico"],"_links":{"self":[{"href":"https:\/\/www.acapulcopress.com\/index.php\/wp-json\/wp\/v2\/posts\/1221124","targetHints":{"allow":["GET"]}}],"collection":[{"href":"https:\/\/www.acapulcopress.com\/index.php\/wp-json\/wp\/v2\/posts"}],"about":[{"href":"https:\/\/www.acapulcopress.com\/index.php\/wp-json\/wp\/v2\/types\/post"}],"author":[{"embeddable":true,"href":"https:\/\/www.acapulcopress.com\/index.php\/wp-json\/wp\/v2\/users\/2"}],"replies":[{"embeddable":true,"href":"https:\/\/www.acapulcopress.com\/index.php\/wp-json\/wp\/v2\/comments?post=1221124"}],"version-history":[{"count":0,"href":"https:\/\/www.acapulcopress.com\/index.php\/wp-json\/wp\/v2\/posts\/1221124\/revisions"}],"wp:featuredmedia":[{"embeddable":true,"href":"https:\/\/www.acapulcopress.com\/index.php\/wp-json\/"}],"wp:attachment":[{"href":"https:\/\/www.acapulcopress.com\/index.php\/wp-json\/wp\/v2\/media?parent=1221124"}],"wp:term":[{"taxonomy":"category","embeddable":true,"href":"https:\/\/www.acapulcopress.com\/index.php\/wp-json\/wp\/v2\/categories?post=1221124"},{"taxonomy":"post_tag","embeddable":true,"href":"https:\/\/www.acapulcopress.com\/index.php\/wp-json\/wp\/v2\/tags?post=1221124"}],"curies":[{"name":"wp","href":"https:\/\/api.w.org\/{rel}","templated":true}]}}