{"id":1221132,"date":"2021-02-12T20:28:06","date_gmt":"2021-02-13T02:28:06","guid":{"rendered":"https:\/\/www.acapulcopress.com\/?p=1221132"},"modified":"2021-02-12T20:28:06","modified_gmt":"2021-02-13T02:28:06","slug":"renuncia-jefe-del-comite-organizador-de-juegos-olimpicos-tokio-2020","status":"publish","type":"post","link":"https:\/\/www.acapulcopress.com\/index.php\/2021\/02\/12\/renuncia-jefe-del-comite-organizador-de-juegos-olimpicos-tokio-2020\/","title":{"rendered":"Renuncia jefe del comit\u00e9 organizador de Juegos Ol\u00edmpicos Tokio 2020"},"content":{"rendered":"<p style=\"text-align: justify;\">TOKIO. * 12 de febrero de 2021.<br \/>\n<em>] <a href=\"https:\/\/apnews.com\/article\/noticias-ec4e96f0491befadca09c4d16a8bc9fa\" target=\"_blank\" rel=\"noopener\">AP<\/a>.<\/em><\/p>\n<p style=\"text-align: justify;\">Yoshiro Mori dej\u00f3 el viernes la presidencia del comit\u00e9 organizador de los Juegos Ol\u00edmpicos de Tokio tras los comentarios sexistas que realiz\u00f3 la semana pasada en los que dijo que las mujeres \u201chablan demasiado\u201d.<\/p>\n<p style=\"text-align: justify;\">La renuncia del ex primer ministro japon\u00e9s en una reuni\u00f3n de la junta ejecutiva deja un caos tras de s\u00ed. Y se produce a poco m\u00e1s de cinco meses de la fecha en la que debe arrancar la demorada cita ol\u00edmpica, en plena pandemia del coronavirus, y con la poblaci\u00f3n mayoritariamente en contra de su celebraci\u00f3n.<\/p>\n<p style=\"text-align: justify;\">El comit\u00e9 organizador no nombr\u00f3 de inmediato a un sucesor, algo que seg\u00fan su director general, Toshiro Muto, ocurrir\u00e1 \u201clo antes posible\u201d y ser\u00e1 elegido por un comit\u00e9 de revisi\u00f3n. Muto, que rehus\u00f3 dar fechas concretas, apunt\u00f3 que en el panel habr\u00e1 paridad de g\u00e9nero.<\/p>\n<p style=\"text-align: justify;\">Muto tambi\u00e9n se neg\u00f3 a decir si el relevo de Mori ser\u00e1 una mujer. La desigualdad de g\u00e9nero en Jap\u00f3n es precisamente el asunto que se plante\u00f3 con los pol\u00e9micos comentarios de Mori la semana pasada. En el pa\u00eds apenas hay mujeres en puestos directivos y en las altas esferas pol\u00edticas, y Muto reconoci\u00f3 que el comit\u00e9 organizador tiene muy pocas en puestos de liderazgo, y ninguna en vicepresidencias.<\/p>\n<p style=\"text-align: justify;\">La principal candidata es Seiko Hashimoto, que funge como ministra para los Juegos y que gan\u00f3 una medalla de bronce en patinaje de velocidad en los Juegos de Albertville de 1992. Cumple todos los requisitos: mujer, con pasado ol\u00edmpico y pr\u00f3xima al comit\u00e9 organizador.<\/p>\n<p style=\"text-align: justify;\">La marcha de Mori se produce luego de m\u00e1s de una semana de cr\u00edticas constantes por sus declaraciones de principios de mes. En un primer momento se disculp\u00f3 y se neg\u00f3 a renunciar, a lo que le sigui\u00f3 la incesante presi\u00f3n de comentaristas en televisi\u00f3n y patrocinadores y una petici\u00f3n online que recab\u00f3 m\u00e1s de 150.000 firmas.<\/p>\n<p style=\"text-align: justify;\">\u201cDesde hoy renunciar\u00e9 al cargo de presidente\u201d, dijo al inicio de una reuni\u00f3n de la junta ejecutiva.<\/p>\n<p style=\"text-align: justify;\">Mori fue nombrado en 2014, unos meses despu\u00e9s de que Tokio fuese elegida para albergar los Juegos.<\/p>\n<p style=\"text-align: justify;\">\u201cMis declaraciones inapropiadas han causado mucho caos\u201d, apunt\u00f3 repitiendo varias veces que lamentaba sus palabras y que \u201cno ten\u00eda intenci\u00f3n de menospreciar a las mujeres\u201d.<\/p>\n<p style=\"text-align: justify;\">\u201cMientras permanezca en este cargo, causar\u00e9 problemas\u201d, se\u00f1al\u00f3 en la reuni\u00f3n. \u201cSi ese es el caso, se arruinar\u00e1 todo lo que hemos construido\u201d.<\/p>\n<p style=\"text-align: justify;\">Est\u00e1 previsto que los Juegos, que deb\u00edan celebrarse en el verano de 2020, arranquen el 23 de julio con 11.000 deportistas, y que otros 4.400 compitan en los Paral\u00edmpicos un mes m\u00e1s tarde. Alrededor del 80% de los participantes en sondeos recientes en Jap\u00f3n se mostraron a favor de cancelarlos o demorarlos, mientras que solo el 15% respalda su celebraci\u00f3n.<\/p>\n","protected":false},"excerpt":{"rendered":"<p>TOKIO. * 12 de febrero de 2021. ] AP. Yoshiro Mori dej\u00f3 el viernes la presidencia del comit\u00e9 organizador de los Juegos Ol\u00edmpicos de Tokio tras los comentarios sexistas que realiz\u00f3 la semana pasada en los que dijo que las mujeres \u201chablan demasiado\u201d. La renuncia del ex primer ministro japon\u00e9s en una reuni\u00f3n de la&#8230;<\/p>\n","protected":false},"author":2,"featured_media":1221137,"comment_status":"closed","ping_status":"closed","sticky":false,"template":"","format":"standard","meta":{"footnotes":""},"categories":[1988,18566],"tags":[11279,18274],"class_list":["post-1221132","post","type-post","status-publish","format-standard","has-post-thumbnail","hentry","category-lifestyles","category-sports-lifestyles","tag-juegos-olimpicos-tokio-2020","tag-yoshiro-mori"],"_links":{"self":[{"href":"https:\/\/www.acapulcopress.com\/index.php\/wp-json\/wp\/v2\/posts\/1221132","targetHints":{"allow":["GET"]}}],"collection":[{"href":"https:\/\/www.acapulcopress.com\/index.php\/wp-json\/wp\/v2\/posts"}],"about":[{"href":"https:\/\/www.acapulcopress.com\/index.php\/wp-json\/wp\/v2\/types\/post"}],"author":[{"embeddable":true,"href":"https:\/\/www.acapulcopress.com\/index.php\/wp-json\/wp\/v2\/users\/2"}],"replies":[{"embeddable":true,"href":"https:\/\/www.acapulcopress.com\/index.php\/wp-json\/wp\/v2\/comments?post=1221132"}],"version-history":[{"count":0,"href":"https:\/\/www.acapulcopress.com\/index.php\/wp-json\/wp\/v2\/posts\/1221132\/revisions"}],"wp:featuredmedia":[{"embeddable":true,"href":"https:\/\/www.acapulcopress.com\/index.php\/wp-json\/"}],"wp:attachment":[{"href":"https:\/\/www.acapulcopress.com\/index.php\/wp-json\/wp\/v2\/media?parent=1221132"}],"wp:term":[{"taxonomy":"category","embeddable":true,"href":"https:\/\/www.acapulcopress.com\/index.php\/wp-json\/wp\/v2\/categories?post=1221132"},{"taxonomy":"post_tag","embeddable":true,"href":"https:\/\/www.acapulcopress.com\/index.php\/wp-json\/wp\/v2\/tags?post=1221132"}],"curies":[{"name":"wp","href":"https:\/\/api.w.org\/{rel}","templated":true}]}}