{"id":1221157,"date":"2021-02-13T00:11:53","date_gmt":"2021-02-13T06:11:53","guid":{"rendered":"https:\/\/www.acapulcopress.com\/?p=1221157"},"modified":"2021-02-13T00:11:53","modified_gmt":"2021-02-13T06:11:53","slug":"evodio-velazquez-aguirre-jugo-y-perdio","status":"publish","type":"post","link":"https:\/\/www.acapulcopress.com\/index.php\/2021\/02\/13\/evodio-velazquez-aguirre-jugo-y-perdio\/","title":{"rendered":"Evodio Vel\u00e1zquez Aguirre&#8230; jug\u00f3 y perdi\u00f3"},"content":{"rendered":"<p style=\"text-align: justify;\">Un Rapidin<br \/>\n<strong>\u00bb Con \u00c1ngel Irra Carceda.<\/strong><br \/>\n<em>] angelirracar@hotmail.com<\/em><\/p>\n<p style=\"text-align: justify;\">Evodio Vel\u00e1zquez Aguirre jug\u00f3 y perdi\u00f3. Contendi\u00f3 bajo reglas previamente establecidas.<\/p>\n<p>Y as\u00ed surgi\u00f3 la candidatura para el priista Mario Moreno Arcos.<\/p>\n<p>Si con el resultado no est\u00e1 de acuerdo porque quiz\u00e1 considera que le hicieron \u201cchanchullo\u201d, que lo diga.<\/p>\n<p>Que lo haga ya p\u00fablicamente. Que no abone m\u00e1s a las especulaciones.<\/p>\n<p>Que deje de esconderse. Que d\u00e9 la cara.<\/p>\n<p>Que le diga a sus simpatizantes que le robaron la candidatura o que los convoque a la unidad en torno a la candidatura de Mario Moreno.<\/p>\n<p>Nobleza y hombr\u00eda obliga, en ambos casos.<\/p>\n","protected":false},"excerpt":{"rendered":"<p>Un Rapidin \u00bb Con \u00c1ngel Irra Carceda. ] angelirracar@hotmail.com Evodio Vel\u00e1zquez Aguirre jug\u00f3 y perdi\u00f3. Contendi\u00f3 bajo reglas previamente establecidas. Y as\u00ed surgi\u00f3 la candidatura para el priista Mario Moreno Arcos. Si con el resultado no est\u00e1 de acuerdo porque quiz\u00e1 considera que le hicieron \u201cchanchullo\u201d, que lo diga. Que lo haga ya p\u00fablicamente. Que&#8230;<\/p>\n","protected":false},"author":2,"featured_media":1221158,"comment_status":"closed","ping_status":"closed","sticky":false,"template":"","format":"standard","meta":{"footnotes":""},"categories":[2071,1991],"tags":[3938,8273,12685,17511],"class_list":["post-1221157","post","type-post","status-publish","format-standard","has-post-thumbnail","hentry","category-opinion-analisis-columnas","category-libertad-de-expresion","tag-angel-irra-carceda","tag-evodio-velazquez-aguirre","tag-mario-moreno-arcos","tag-un-rapidin"],"_links":{"self":[{"href":"https:\/\/www.acapulcopress.com\/index.php\/wp-json\/wp\/v2\/posts\/1221157","targetHints":{"allow":["GET"]}}],"collection":[{"href":"https:\/\/www.acapulcopress.com\/index.php\/wp-json\/wp\/v2\/posts"}],"about":[{"href":"https:\/\/www.acapulcopress.com\/index.php\/wp-json\/wp\/v2\/types\/post"}],"author":[{"embeddable":true,"href":"https:\/\/www.acapulcopress.com\/index.php\/wp-json\/wp\/v2\/users\/2"}],"replies":[{"embeddable":true,"href":"https:\/\/www.acapulcopress.com\/index.php\/wp-json\/wp\/v2\/comments?post=1221157"}],"version-history":[{"count":0,"href":"https:\/\/www.acapulcopress.com\/index.php\/wp-json\/wp\/v2\/posts\/1221157\/revisions"}],"wp:featuredmedia":[{"embeddable":true,"href":"https:\/\/www.acapulcopress.com\/index.php\/wp-json\/"}],"wp:attachment":[{"href":"https:\/\/www.acapulcopress.com\/index.php\/wp-json\/wp\/v2\/media?parent=1221157"}],"wp:term":[{"taxonomy":"category","embeddable":true,"href":"https:\/\/www.acapulcopress.com\/index.php\/wp-json\/wp\/v2\/categories?post=1221157"},{"taxonomy":"post_tag","embeddable":true,"href":"https:\/\/www.acapulcopress.com\/index.php\/wp-json\/wp\/v2\/tags?post=1221157"}],"curies":[{"name":"wp","href":"https:\/\/api.w.org\/{rel}","templated":true}]}}