{"id":1221164,"date":"2021-02-13T00:28:30","date_gmt":"2021-02-13T06:28:30","guid":{"rendered":"https:\/\/www.acapulcopress.com\/?p=1221164"},"modified":"2021-02-13T00:28:30","modified_gmt":"2021-02-13T06:28:30","slug":"por-onde-anda-gaspar","status":"publish","type":"post","link":"https:\/\/www.acapulcopress.com\/index.php\/2021\/02\/13\/por-onde-anda-gaspar\/","title":{"rendered":"\u00bfPor \u00f3nde anda Gaspar?"},"content":{"rendered":"<p style=\"text-align: justify;\">Un Rapidin<br \/>\n<strong>\u00bb Con \u00c1ngel Irra Carceda.<\/strong><br \/>\n<em>] angelirracar@hotmail.com<\/em><\/p>\n<p style=\"text-align: justify;\">El alcalde de nuestro querido municipio de Chilpancingo, Antonio Gaspar Beltr\u00e1n, dice que este fin de semana mantendr\u00e1n los operativos para que bares, cantinas y antros est\u00e9n cerrados.<\/p>\n<p>Que es necesario porque Guerrero se mantendr\u00e1 en el color rojo del Sem\u00e1foro Epidemiol\u00f3gico Nacional (SEN).<br \/>\nNo sean mala onda, que alguien le informe que esos establecimientos siguen abiertos.<\/p>\n<p>Uta, chance p\u00e9simos colaboradores que lo hacen derrapar respecto a las condiciones en las que se encuentra nuestra ciudad capital de Guerrero.<\/p>\n<p>O quiz\u00e1 la instrucci\u00f3n de hacerse de la vista gorda, para que el billete no deje de ingresar a las arcas.<\/p>\n","protected":false},"excerpt":{"rendered":"<p>Un Rapidin \u00bb Con \u00c1ngel Irra Carceda. ] angelirracar@hotmail.com El alcalde de nuestro querido municipio de Chilpancingo, Antonio Gaspar Beltr\u00e1n, dice que este fin de semana mantendr\u00e1n los operativos para que bares, cantinas y antros est\u00e9n cerrados. Que es necesario porque Guerrero se mantendr\u00e1 en el color rojo del Sem\u00e1foro Epidemiol\u00f3gico Nacional (SEN). No sean&#8230;<\/p>\n","protected":false},"author":2,"featured_media":1221165,"comment_status":"closed","ping_status":"closed","sticky":false,"template":"","format":"standard","meta":{"footnotes":""},"categories":[2071,1991],"tags":[4011,4488,6278,17511],"class_list":["post-1221164","post","type-post","status-publish","format-standard","has-post-thumbnail","hentry","category-opinion-analisis-columnas","category-libertad-de-expresion","tag-antonio-gaspar-beltran","tag-ayuntamiento-de-chilpancingo","tag-con-angel-irra-carceda","tag-un-rapidin"],"_links":{"self":[{"href":"https:\/\/www.acapulcopress.com\/index.php\/wp-json\/wp\/v2\/posts\/1221164","targetHints":{"allow":["GET"]}}],"collection":[{"href":"https:\/\/www.acapulcopress.com\/index.php\/wp-json\/wp\/v2\/posts"}],"about":[{"href":"https:\/\/www.acapulcopress.com\/index.php\/wp-json\/wp\/v2\/types\/post"}],"author":[{"embeddable":true,"href":"https:\/\/www.acapulcopress.com\/index.php\/wp-json\/wp\/v2\/users\/2"}],"replies":[{"embeddable":true,"href":"https:\/\/www.acapulcopress.com\/index.php\/wp-json\/wp\/v2\/comments?post=1221164"}],"version-history":[{"count":0,"href":"https:\/\/www.acapulcopress.com\/index.php\/wp-json\/wp\/v2\/posts\/1221164\/revisions"}],"wp:featuredmedia":[{"embeddable":true,"href":"https:\/\/www.acapulcopress.com\/index.php\/wp-json\/"}],"wp:attachment":[{"href":"https:\/\/www.acapulcopress.com\/index.php\/wp-json\/wp\/v2\/media?parent=1221164"}],"wp:term":[{"taxonomy":"category","embeddable":true,"href":"https:\/\/www.acapulcopress.com\/index.php\/wp-json\/wp\/v2\/categories?post=1221164"},{"taxonomy":"post_tag","embeddable":true,"href":"https:\/\/www.acapulcopress.com\/index.php\/wp-json\/wp\/v2\/tags?post=1221164"}],"curies":[{"name":"wp","href":"https:\/\/api.w.org\/{rel}","templated":true}]}}