{"id":1221171,"date":"2021-02-14T18:59:35","date_gmt":"2021-02-15T00:59:35","guid":{"rendered":"https:\/\/www.acapulcopress.com\/?p=1221171"},"modified":"2021-02-14T18:59:35","modified_gmt":"2021-02-15T00:59:35","slug":"que-el-proceso-electoral-no-inhiba-atender-la-pandemia-pide-yair-garcia","status":"publish","type":"post","link":"https:\/\/www.acapulcopress.com\/index.php\/2021\/02\/14\/que-el-proceso-electoral-no-inhiba-atender-la-pandemia-pide-yair-garcia\/","title":{"rendered":"Que el proceso electoral no inhiba atender la pandemia, pide Ya\u00edr Garc\u00eda"},"content":{"rendered":"<p style=\"text-align: justify;\">ACAPULCO. * 14 de febrero de 2021.<br \/>\n<em>] Especial.<\/em><\/p>\n<p style=\"text-align: justify;\">\u00abLos aspirantes a cargos de elecci\u00f3n popular deben preocuparse por prioriza las acciones\u00a0 sanitarias en beneficio de <img loading=\"lazy\" decoding=\"async\" class=\"alignleft size-medium wp-image-1221173\" src=\"https:\/\/www.acapulco.press\/wp-content\/uploads\/2021\/02\/Y4IR2-1-375x304.jpg\" alt=\"\" width=\"375\" height=\"304\" \/>la poblaci\u00f3n para protegerse de la pandemia\u00bb, subray\u00f3 Yair Garc\u00eda Delgado, el<em> Ciudadano de Tiempo Completo.<\/em><\/p>\n<p style=\"text-align: justify;\">\u00abLa desgracia se encuentra vigente en Guerrero y, particularmente, en Acapulco\u00bb, complement\u00f3 Garc\u00eda Delgado;\u00a0 por ello \u00abla ciudadan\u00eda espera de nuestros representantes respuestas favorables en materia de salud, educaci\u00f3n y seguridad\u00bb, advirti\u00f3.<\/p>\n<p style=\"text-align: justify;\">\u201cLos actores p\u00fablicos deben respetar y reconsiderar como prioridad el bienestar social y no sus aspiraciones personales;\u00a0 si no son capaces de responder las demandas ciudadanas, no se explican sus deseos de participar por un encargo que le exigir\u00e1 en el futuro lo mismo que ahora\u00bb.<\/p>\n<p style=\"text-align: justify;\">Garc\u00eda Delgado recalc\u00f3 que desde la organizaci\u00f3n que encabeza continuar\u00e1 impulsando a la brevedad acciones que puedan servir para mitigar el impacto de la crisis. \u201cPor eso seguimos recorriendo Acapulco, porque requerimos conocer el origen de cada incertidumbre para poder resolver\u201d, finaliz\u00f3.<\/p>\n<p style=\"text-align: justify;\"><img loading=\"lazy\" decoding=\"async\" class=\"alignnone wp-image-1221174 size-large\" src=\"https:\/\/www.acapulco.press\/wp-content\/uploads\/2021\/02\/Y4IR3-1-840x689.jpg\" alt=\"\" width=\"840\" height=\"689\" \/><\/p>\n<p style=\"text-align: justify;\"><img loading=\"lazy\" decoding=\"async\" class=\"alignnone wp-image-1221172 size-large\" src=\"https:\/\/www.acapulco.press\/wp-content\/uploads\/2021\/02\/Y4IR-840x630.jpg\" alt=\"\" width=\"840\" height=\"630\" \/><\/p>\n<p style=\"text-align: justify;\"><img loading=\"lazy\" decoding=\"async\" class=\"alignnone wp-image-1221177 size-large\" src=\"https:\/\/www.acapulco.press\/wp-content\/uploads\/2021\/02\/Y4IR6-1-840x650.jpg\" alt=\"\" width=\"840\" height=\"650\" \/><\/p>\n","protected":false},"excerpt":{"rendered":"<p>ACAPULCO. * 14 de febrero de 2021. ] Especial. \u00abLos aspirantes a cargos de elecci\u00f3n popular deben preocuparse por prioriza las acciones\u00a0 sanitarias en beneficio de la poblaci\u00f3n para protegerse de la pandemia\u00bb, subray\u00f3 Yair Garc\u00eda Delgado, el Ciudadano de Tiempo Completo. \u00abLa desgracia se encuentra vigente en Guerrero y, particularmente, en Acapulco\u00bb, complement\u00f3 Garc\u00eda&#8230;<\/p>\n","protected":false},"author":2,"featured_media":1221175,"comment_status":"closed","ping_status":"closed","sticky":false,"template":"","format":"standard","meta":{"footnotes":""},"categories":[2024,18561],"tags":[5826,6705,14193,18204],"class_list":["post-1221171","post","type-post","status-publish","format-standard","has-post-thumbnail","hentry","category-politica-activism","category-society-politics","tag-ciudadano-de-tiempo-completo","tag-covid19","tag-pandemia","tag-yair-garcia-delgado"],"_links":{"self":[{"href":"https:\/\/www.acapulcopress.com\/index.php\/wp-json\/wp\/v2\/posts\/1221171","targetHints":{"allow":["GET"]}}],"collection":[{"href":"https:\/\/www.acapulcopress.com\/index.php\/wp-json\/wp\/v2\/posts"}],"about":[{"href":"https:\/\/www.acapulcopress.com\/index.php\/wp-json\/wp\/v2\/types\/post"}],"author":[{"embeddable":true,"href":"https:\/\/www.acapulcopress.com\/index.php\/wp-json\/wp\/v2\/users\/2"}],"replies":[{"embeddable":true,"href":"https:\/\/www.acapulcopress.com\/index.php\/wp-json\/wp\/v2\/comments?post=1221171"}],"version-history":[{"count":0,"href":"https:\/\/www.acapulcopress.com\/index.php\/wp-json\/wp\/v2\/posts\/1221171\/revisions"}],"wp:featuredmedia":[{"embeddable":true,"href":"https:\/\/www.acapulcopress.com\/index.php\/wp-json\/"}],"wp:attachment":[{"href":"https:\/\/www.acapulcopress.com\/index.php\/wp-json\/wp\/v2\/media?parent=1221171"}],"wp:term":[{"taxonomy":"category","embeddable":true,"href":"https:\/\/www.acapulcopress.com\/index.php\/wp-json\/wp\/v2\/categories?post=1221171"},{"taxonomy":"post_tag","embeddable":true,"href":"https:\/\/www.acapulcopress.com\/index.php\/wp-json\/wp\/v2\/tags?post=1221171"}],"curies":[{"name":"wp","href":"https:\/\/api.w.org\/{rel}","templated":true}]}}