{"id":1221183,"date":"2021-02-14T17:52:13","date_gmt":"2021-02-14T23:52:13","guid":{"rendered":"https:\/\/www.acapulcopress.com\/?p=1221183"},"modified":"2021-02-14T17:52:13","modified_gmt":"2021-02-14T23:52:13","slug":"organizo-uagro-foro-sobre-vicente-guerrero-en-su-190-aniversario-luctuoso","status":"publish","type":"post","link":"https:\/\/www.acapulcopress.com\/index.php\/2021\/02\/14\/organizo-uagro-foro-sobre-vicente-guerrero-en-su-190-aniversario-luctuoso\/","title":{"rendered":"Organiz\u00f3 UAGro foro sobre Vicente Guerrero, en su 190 aniversario luctuoso"},"content":{"rendered":"<p style=\"text-align: justify;\">CHILPANCINGO. * 14 de febrero de 2021.<br \/>\n<em>] UAGro.<\/em><\/p>\n<p style=\"text-align: justify;\">Guerrero organiz\u00f3 el Foro Virtual \u201cVida y Obra del General Vicente Guerrero\u201d en su 190 aniversario luctuoso, donde particip\u00f3 el subsecretario de Educaci\u00f3n Superior de la SEP, Luciano Concheiro B\u00f3rquez, as\u00ed como historiadores e investigadores; con este acto, la UAGro se suma a la iniciativa que el Gobierno de M\u00e9xico realizar\u00e1 este a\u00f1o para conmemorar 200 a\u00f1os de la Consumaci\u00f3n de la Independencia nacional.<\/p>\n<p style=\"text-align: justify;\">En un mensaje virtual, el rector Javier Salda\u00f1a Almaz\u00e1n dio la bienvenida y pidi\u00f3 a Concheiro B\u00f3rquez enviar un saludo respetuoso al presidente de M\u00e9xico, Andr\u00e9s Manuel L\u00f3pez Obrador \u201cy que le diga que la Universidad Aut\u00f3noma de Guerrero est\u00e1 sumada en los trabajos de la transformaci\u00f3n de M\u00e9xico\u201d.<\/p>\n<p style=\"text-align: justify;\">El rector de la m\u00e1xima casa de estudios, quien sigue mejorando su salud, dijo que para la Aut\u00f3noma de Guerrero \u201ces un gran honor participar en un evento donde se habla de la vida del consumador de la independencia, Vicente Guerrero Salda\u00f1a en su 190 aniversario luctuoso, nos sentimos muy honrados de que la UAGro organice este foro virtual de su vida y obra\u201d.<\/p>\n<p style=\"text-align: justify;\">Por su parte, el subsecretario de Educaci\u00f3n Superior de la SEP, Luciano Concheiro B\u00f3rquez inaugur\u00f3 el foro virtual e indic\u00f3 que el presidente L\u00f3pez Obrador anunci\u00f3 15 actos solemnes para conmemorar 200 de la promulgaci\u00f3n de la independencia de M\u00e9xico y que el primero es el aniversario luctuoso del General Vicente Guerrero.<\/p>\n<p style=\"text-align: justify;\">Dijo que en el caso del h\u00e9roe nacido en Tixtla, \u201cse convirti\u00f3 en el general de los ideales de libertad y me parece que recordar nuestra historia nos permite analizar el devenir en un sentido transformador y construir colectivamente otros mundos posibles\u201d.<\/p>\n<p style=\"text-align: justify;\">A\u00f1adi\u00f3 que para los mexicanos es fundamental \u201cque entendamos las acciones de Vicente Guerrero en la liberaci\u00f3n nacional porqu\u00e9 se hace presente hoy en el sentido revolucionario de la cuarta oleada transformadora de nuestro pa\u00eds\u201d.<\/p>\n<p style=\"text-align: justify;\">En el acto inaugural tambi\u00e9n estuvieron presentes el director general de la Agencia Espacial Mexicana, Enrique Fern\u00e1ndez Fassnacht; el historiador, Ricardo Padilla Infante; el secretario general de la UAGro, Jos\u00e9 Alfredo Romero Olea y la Tesorera General de la UAGro, Leticia Jim\u00e9nez Zamora.<\/p>\n","protected":false},"excerpt":{"rendered":"<p>CHILPANCINGO. * 14 de febrero de 2021. ] UAGro. Guerrero organiz\u00f3 el Foro Virtual \u201cVida y Obra del General Vicente Guerrero\u201d en su 190 aniversario luctuoso, donde particip\u00f3 el subsecretario de Educaci\u00f3n Superior de la SEP, Luciano Concheiro B\u00f3rquez, as\u00ed como historiadores e investigadores; con este acto, la UAGro se suma a la iniciativa que&#8230;<\/p>\n","protected":false},"author":2,"featured_media":1221190,"comment_status":"closed","ping_status":"closed","sticky":false,"template":"","format":"standard","meta":{"footnotes":""},"categories":[18561,2016],"tags":[6705,10644,17463,17610],"class_list":["post-1221183","post","type-post","status-publish","format-standard","has-post-thumbnail","hentry","category-society-politics","category-uagro-society-politics","tag-covid19","tag-javier-saldana-almazan","tag-uagro","tag-universidad-autonoma-de-guerrero-uagro"],"_links":{"self":[{"href":"https:\/\/www.acapulcopress.com\/index.php\/wp-json\/wp\/v2\/posts\/1221183","targetHints":{"allow":["GET"]}}],"collection":[{"href":"https:\/\/www.acapulcopress.com\/index.php\/wp-json\/wp\/v2\/posts"}],"about":[{"href":"https:\/\/www.acapulcopress.com\/index.php\/wp-json\/wp\/v2\/types\/post"}],"author":[{"embeddable":true,"href":"https:\/\/www.acapulcopress.com\/index.php\/wp-json\/wp\/v2\/users\/2"}],"replies":[{"embeddable":true,"href":"https:\/\/www.acapulcopress.com\/index.php\/wp-json\/wp\/v2\/comments?post=1221183"}],"version-history":[{"count":0,"href":"https:\/\/www.acapulcopress.com\/index.php\/wp-json\/wp\/v2\/posts\/1221183\/revisions"}],"wp:featuredmedia":[{"embeddable":true,"href":"https:\/\/www.acapulcopress.com\/index.php\/wp-json\/"}],"wp:attachment":[{"href":"https:\/\/www.acapulcopress.com\/index.php\/wp-json\/wp\/v2\/media?parent=1221183"}],"wp:term":[{"taxonomy":"category","embeddable":true,"href":"https:\/\/www.acapulcopress.com\/index.php\/wp-json\/wp\/v2\/categories?post=1221183"},{"taxonomy":"post_tag","embeddable":true,"href":"https:\/\/www.acapulcopress.com\/index.php\/wp-json\/wp\/v2\/tags?post=1221183"}],"curies":[{"name":"wp","href":"https:\/\/api.w.org\/{rel}","templated":true}]}}