{"id":1221184,"date":"2021-02-15T18:58:03","date_gmt":"2021-02-16T00:58:03","guid":{"rendered":"https:\/\/www.acapulcopress.com\/?p=1221184"},"modified":"2021-02-15T18:58:03","modified_gmt":"2021-02-16T00:58:03","slug":"oficial-morena-y-felix-van-por-gubernatura","status":"publish","type":"post","link":"https:\/\/www.acapulcopress.com\/index.php\/2021\/02\/15\/oficial-morena-y-felix-van-por-gubernatura\/","title":{"rendered":"Oficial: Morena y F\u00e9lix van por Gubernatura"},"content":{"rendered":"<p style=\"text-align: justify;\"><img loading=\"lazy\" decoding=\"async\" class=\"alignnone wp-image-1221186 size-large\" src=\"https:\/\/www.acapulco.press\/wp-content\/uploads\/2021\/02\/TORO-840x561.jpg\" alt=\"\" width=\"840\" height=\"561\" \/><\/p>\n<p style=\"text-align: justify;\">CHILPANCINGO. * 15 de febrero de 2021.<br \/>\n] Acapulco Press.<\/p>\n<p style=\"text-align: justify;\">Entre v\u00edtores y porras, Jos\u00e9 F\u00e9lix Salgado Macedonio emiti\u00f3 un reconocimiento primordial a las mujeres guerrerenses y anunci\u00f3 una campa\u00f1a austera pero propositiva, tras de recibir\u00a0 del Instituto Electoral y de <img loading=\"lazy\" decoding=\"async\" class=\"alignleft size-medium wp-image-1221187\" src=\"https:\/\/www.acapulco.press\/wp-content\/uploads\/2021\/02\/TORO2-375x250.jpg\" alt=\"\" width=\"375\" height=\"250\" \/>Participaci\u00f3n Ciudadana (IEPC) la constancia que lo acredita como candidato oficial de Morena al Gobierno de Guerrero.<\/p>\n<p style=\"text-align: justify;\">Pese a las acusaciones que pesan sobre \u00e9l por cincos presumibles abusos sexuales que la Fiscal\u00eda General del Estado (FGE) y la Comisi\u00f3n Nacional de Honestidad y Justicia del Comit\u00e9 Ejecutivo Nacional de Morena (CNHJ)\u00a0 a\u00fan investigan, y cuya cita para aportar pruebas de su presunta inocencia est\u00e1 pactada para este martes 16 de febrero, a las 12:30 horas, en la sede de la CNHJ, el presidente del Comit\u00e9 Ejecutivo de Morena en Guerrero, Marcial Rodr\u00edguez Salda\u00f1a, que d\u00edas anteriores hab\u00eda dicho que aguardar\u00edan el veredicto oficial de la FGE para tomar una decisi\u00f3n en torno a la candidatura de F\u00e9lix, encabez\u00f3, presuroso, junto con Salom\u00f3n Jara Cruz, delegado nacional en Guerrero para el proceso electoral 2020-2021, la comitiva que acudi\u00f3 ante el IEPCGro para oficializar el registro de F\u00e9lix Salgado.<\/p>\n<p style=\"text-align: justify;\">Consciente de la continuidad de las peticiones para que le retiren la candidatura, en tanto \u00abno pruebe su inocencia\u00bb, Salgado Macedonio advirti\u00f3 que tambi\u00e9n realizar\u00e1 una \u00abcampa\u00f1a de respeto y sin denostaciones\u00bb , aludiendo a la obvia \u00abguerra sucia\u00bb de sus \u00abfraternos adversarios pol\u00edticos\u00bb en su contra por las denuncias de abuso y acoso sexual a\u00fan en tr\u00e1mite.<\/p>\n<p style=\"text-align: justify;\">Acompa\u00f1ado de su esposa, Mar\u00eda de Jes\u00fas Pineda Echeverr\u00eda y sus hijas, el ya candidato dijo que estar\u00e1 puesto para asistir a todos los debates que lo convoquen y que cumplir\u00e1 con todas las reglas que se impongan, sobre todo las normas sanitarias relacionadas con la pandemia del coronavirus, porque es una obligaci\u00f3n cuidar de la salud de \u00abtoda nuestra gente\u00bb, destac\u00f3 Salgado.<\/p>\n<p style=\"text-align: justify;\">Luego de hacer un reconocimiento p\u00fablico a la mujer guerrerense y a los j\u00f3venes, por ser el motor de la Cuarta Transformaci\u00f3n, lo que le vali\u00f3 una carretada de aplausos y v\u00edtores por parte de las mujeres que lo acompa\u00f1aron para festejar su registro, dijo que su campa\u00f1a llegar\u00e1 a los 81 municipios del estado y a todas las colonias y comunidades.<\/p>\n<p style=\"text-align: justify;\">\u00abHaremos una campa\u00f1a austera, sin derroche de recursos &#8211;advirti\u00f3&#8211;.<\/p>\n<p style=\"text-align: justify;\">\u00abNo queremos espectaculares, no queremos lonas, mantas, pintas de bardas ni de piedras. No vamos a tener calcoman\u00edas; nada de propaganda que solamente viene a contaminar (el medio ambiente)\u00bb.<\/p>\n<p style=\"text-align: justify;\">\u00ab\u00a1Nosotros vamos hacer campa\u00f1a casa por casa; vamos a recorrer las calles y vamos a llevar (solo) nuestra voz! La campa\u00f1a nuestra, por lo tanto, podr\u00e1 ser fiscalizada por el Instituto Electoral y de Participaci\u00f3n Ciudadana (IEPC) sin ningun problema\u00bb, porque ser\u00e1 una campa\u00f1a \u00abdemasiado austera, pero muy responsable y apegada a la nueva realidad\u00bb.<\/p>\n<p style=\"text-align: justify;\">F\u00e9lix Salgado hizo, adem\u00e1s, un llamado a la unidad de todos y al trabajo. El enfoque de su campa\u00f1a ser\u00e1 atender los asuntos que urgen en Guerrero, como son la salud, la seguridad p\u00fablica, la econom\u00eda, el campo, el turismo y la educaci\u00f3n, entre otros rubros.<\/p>\n<p style=\"text-align: justify;\">Por \u00faltimo, Salgado Macedonio se comprometi\u00f3 a conducirse \u00abcomo lo marcan nuestras leyes\u00bb.<\/p>\n<p style=\"text-align: justify;\"><img loading=\"lazy\" decoding=\"async\" class=\"alignnone wp-image-1221187 size-large\" src=\"https:\/\/www.acapulco.press\/wp-content\/uploads\/2021\/02\/TORO2-840x561.jpg\" alt=\"\" width=\"840\" height=\"561\" \/><\/p>\n<p style=\"text-align: justify;\"><strong>MENSAJE DE F\u00c9LIX SALGADO COMO CANDIDATO OFICIAL DE MORENA<\/strong><\/p>\n<div style=\"width: 1160px;\" class=\"wp-video\"><video class=\"wp-video-shortcode\" id=\"video-1221184-1\" width=\"1160\" height=\"653\" preload=\"metadata\" controls=\"controls\"><source type=\"video\/mp4\" src=\"https:\/\/www.acapulco.press\/wp-content\/uploads\/2021\/02\/Mensaje-felix-salgado.mp4?_=1\" \/><a href=\"https:\/\/www.acapulco.press\/wp-content\/uploads\/2021\/02\/Mensaje-felix-salgado.mp4\">https:\/\/www.acapulco.press\/wp-content\/uploads\/2021\/02\/Mensaje-felix-salgado.mp4<\/a><\/video><\/div>\n<p style=\"text-align: justify;\">www<strong>.acapulcopress.<\/strong>com<\/p>\n","protected":false},"excerpt":{"rendered":"<p>CHILPANCINGO. * 15 de febrero de 2021. ] Acapulco Press. Entre v\u00edtores y porras, Jos\u00e9 F\u00e9lix Salgado Macedonio emiti\u00f3 un reconocimiento primordial a las mujeres guerrerenses y anunci\u00f3 una campa\u00f1a austera pero propositiva, tras de recibir\u00a0 del Instituto Electoral y de Participaci\u00f3n Ciudadana (IEPC) la constancia que lo acredita como candidato oficial de Morena al&#8230;<\/p>\n","protected":false},"author":2,"featured_media":1221188,"comment_status":"closed","ping_status":"closed","sticky":false,"template":"","format":"video","meta":{"footnotes":""},"categories":[1972,18577,1997],"tags":[3116,6175,6229,7799,8467,8696,10244,12457,12531,13305,15931],"class_list":["post-1221184","post","type-post","status-publish","format-video","has-post-thumbnail","hentry","category-special","category-politica-la-foto","category-noticias-destacadas","tag-abuso-sexual","tag-comision-nacional-de-honestidad-y-justicia-cnhj","tag-comite-ejecutivo-nacional-de-morena-cen","tag-eleccion-guerrero-2021","tag-felix-salgado-macedonio","tag-fiscalia-general-del-estado-fge","tag-instituto-electoral-de-participacion-ciudadana-de-guerrero-iepcgro","tag-marcial-rodriguez-saldana","tag-maria-de-jesus-pineda-echeverria","tag-morena-guerrero","tag-salomon-jara","post_format-post-format-video"],"_links":{"self":[{"href":"https:\/\/www.acapulcopress.com\/index.php\/wp-json\/wp\/v2\/posts\/1221184","targetHints":{"allow":["GET"]}}],"collection":[{"href":"https:\/\/www.acapulcopress.com\/index.php\/wp-json\/wp\/v2\/posts"}],"about":[{"href":"https:\/\/www.acapulcopress.com\/index.php\/wp-json\/wp\/v2\/types\/post"}],"author":[{"embeddable":true,"href":"https:\/\/www.acapulcopress.com\/index.php\/wp-json\/wp\/v2\/users\/2"}],"replies":[{"embeddable":true,"href":"https:\/\/www.acapulcopress.com\/index.php\/wp-json\/wp\/v2\/comments?post=1221184"}],"version-history":[{"count":0,"href":"https:\/\/www.acapulcopress.com\/index.php\/wp-json\/wp\/v2\/posts\/1221184\/revisions"}],"wp:featuredmedia":[{"embeddable":true,"href":"https:\/\/www.acapulcopress.com\/index.php\/wp-json\/"}],"wp:attachment":[{"href":"https:\/\/www.acapulcopress.com\/index.php\/wp-json\/wp\/v2\/media?parent=1221184"}],"wp:term":[{"taxonomy":"category","embeddable":true,"href":"https:\/\/www.acapulcopress.com\/index.php\/wp-json\/wp\/v2\/categories?post=1221184"},{"taxonomy":"post_tag","embeddable":true,"href":"https:\/\/www.acapulcopress.com\/index.php\/wp-json\/wp\/v2\/tags?post=1221184"}],"curies":[{"name":"wp","href":"https:\/\/api.w.org\/{rel}","templated":true}]}}