{"id":1221225,"date":"2021-02-16T20:56:00","date_gmt":"2021-02-17T02:56:00","guid":{"rendered":"https:\/\/www.acapulcopress.com\/?p=1221225"},"modified":"2021-02-16T20:56:00","modified_gmt":"2021-02-17T02:56:00","slug":"basilia-teme-por-su-vida-con-felix-suelto","status":"publish","type":"post","link":"https:\/\/www.acapulcopress.com\/index.php\/2021\/02\/16\/basilia-teme-por-su-vida-con-felix-suelto\/","title":{"rendered":"Con F\u00e9lix &#8216;suelto&#8217;, Basilia teme por su vida"},"content":{"rendered":"<p style=\"text-align: justify;\"><strong>*\u00a0 Es una mala se\u00f1al que Morena haya permitido la formalizaci\u00f3n del registro de Salgado Macedonio como precandidato en Guerrero aun cuando la investigaci\u00f3n interna a\u00fan no concluye, manifiesta la abogada de la v\u00edctima, Patricia Olamendi.<\/strong><\/p>\n<p style=\"text-align: justify;\"><strong>* Abogados de &#8216;Basilia N&#8217; ya\u00a0 han solicitado medidas de protecci\u00f3n para la v\u00edctima y advirtieron que denunciar\u00e1n ante el INE y el Tribunal Electoral el trato que ha recibido la v\u00edctima por parte de los abogados de Salgado Macedonio.<\/strong><\/p>\n<p style=\"text-align: justify;\">CIUDAD DE M\u00c9XICO. * 16 de febrero de 2021.<br \/>\n<em>]\u00a0 Redacci\u00f3n \/ <a href=\"https:\/\/es-us.finanzas.yahoo.com\/noticias\/mujer-acus%C3%B3-f%C3%A9lix-salgado-violaci%C3%B3n-212555332.html\" target=\"_blank\" rel=\"noopener\">Animal Pol\u00edtico<\/a>.<\/em><\/p>\n<p style=\"text-align: justify;\">Eva Basilia Casta\u00f1eda Maciel, presunta v\u00edctima de abuso sexual por parte de F\u00e9lix Salgado Macedonio en 1998, cuando era menor de edad, refiri\u00f3 que tras el registro de su agresor como candidato a Gobernador de Guerrero, teme por su vida, pues si fue capaz de cometer sus delitos siendo nada, \u00a1con cu\u00e1nta m\u00e1s raz\u00f3n podr\u00eda hacerlo gozando de fuero e impunidad!<\/p>\n<p style=\"text-align: justify;\">Tras de acudir a rendir su declaraci\u00f3n\u00a0ante la Comisi\u00f3n Nacional de Honestidad y Justicia (CNHJ), el lunes 15 de febrero, acompa\u00f1ada de sus defensoras Patricia Olamendi y Ana Su\u00e1rez, adem\u00e1s de la la coordinadora del <em>Mecanismo de Seguimiento de la Convenci\u00f3n Interamericana para Prevenir, Sancionar y Erradicar la Violencia contra la Mujer \u201cBel\u00e9m Do Par\u00e1\u201d,<\/em> dependiente de la Organizaci\u00f3n de Estados Americanos (OEA), Tatiana Rein Venegas, se\u00f1al\u00f3 que no estuvo presente ning\u00fan integrante de dicho \u00f3rgano jurisdiccional de Morena durante su testimonio, sino solo trabajadores administrativos que tomaron su declaraci\u00f3n como si se tratara de un tr\u00e1mite m\u00e1s.<\/p>\n<p style=\"text-align: justify;\">Adem\u00e1s, revel\u00f3 que los cuatro abogados de Salgado Macedonio la trataron con rudeza, al grado de victimizarla.<\/p>\n<p style=\"text-align: justify;\">En franca alusi\u00f3n a la mofa de uno de los abogados del candidato de Morena al gobierno de Guerrero, Jos\u00e9 Luis Peralta Gallegos, que redes sociales ha dicho que &#8216;las v\u00edctimas de F\u00e9lix Salgado son un invento de &#8216;guerra sucia&#8217;; no existen&#8217;, y que &#8216;si existen, que las presenten&#8217;, Basilia relat\u00f3:<\/p>\n<p style=\"text-align: justify;\">\u201cVine a rendir mi testimonio para que no se siga diciendo que esto es guerra sucia y que es parte de la contienda, que vean que no es mentira, que estoy aqu\u00ed, y que voy a seguir dando batalla hasta que se me escuche, y que entiendan que esto no es algo para tratar de que no llegue a ser gobernador. Aqu\u00ed hay un violador y como tal se tiene que tratar, un violador es un violador, sea como sea\u201d.<\/p>\n<p style=\"text-align: justify;\">Basilia dej\u00f3 claro\u00a0 su vida correr\u00eda peligro si Salgado sale impune y llega a tener el poder de un gobernador.<\/p>\n<p style=\"text-align: justify;\">\u201cYo creo que no est\u00e1n trabajando en el caso (la CNHJ), yo creo que es una simulaci\u00f3n; pienso que a m\u00ed no me est\u00e1n <img loading=\"lazy\" decoding=\"async\" class=\"alignleft size-medium wp-image-1221235\" src=\"https:\/\/www.acapulco.press\/wp-content\/uploads\/2021\/02\/felix-violador-375x233.jpg\" alt=\"\" width=\"375\" height=\"233\" \/>viendo como v\u00edctima, no estoy viendo que me hagan caso, a m\u00ed no me est\u00e1n haciendo caso para nada\u201d, coment\u00f3 Basilia, quien ya\u00a0valor\u00f3 la necesidad de pedir asilo pol\u00edtico en otro pa\u00eds para proteger su vida.<\/p>\n<p style=\"text-align: justify;\">\u201cYo tengo mucho miedo de que este se\u00f1or sea gobernador, porque \u00bfqu\u00e9 puedo esperar yo?, \u00bfque vayan a mi casa?, \u00bfc\u00f3mo voy a vivir as\u00ed? \u00a1Si ha hecho cosas as\u00ed sin ser gobernador, ahora que lo sea, no puedo quedarme a vivir aqu\u00ed! Yo quisiera que todo esto se aclarara y se arreglara y no tuviera yo que pedir asilo pol\u00edtico, porque, si no llega a haber ninguna respuesta buena del Presidente \u2014porque \u00e9l es el que tiene la \u00faltima palabra, conjetur\u00f3\u2014, tendr\u00eda yo que pedir asilo a cualquier pa\u00eds que me quiera apoyar para que yo salga del pa\u00eds, porque si \u00e9l llega a ser gobernador yo voy a quedar a merced de \u00e9l, de que vayan y me saquen de mi casa y al rato nadie sepa de m\u00ed. Dir\u00e1n ustedes: \u2018Pues ella est\u00e1 escondida\u2019, \u00bfpero c\u00f3mo van a saber que no estoy desaparecida? Por las que ya no est\u00e1n, estoy aqu\u00ed alzando la voz y que no me van a callar, a menos que me maten, mientras no\u201d, sostuvo.<\/p>\n<p style=\"text-align: justify;\">La denunciante pidi\u00f3, entonces, al presidente Andr\u00e9s Manuel L\u00f3pez Obrador intervenir para que su partido act\u00fae en contra del candidato, en lugar de defenderlo desde la tribuna de Palacio Nacional.<\/p>\n<p style=\"text-align: justify;\">\u201cLe\u00a0 pedir\u00eda (al Presidente) que sea serio, que se ponga en el lugar de la v\u00edctima; no puede \u00e9l defender a un violador, porque desde que pas\u00f3 todo esto me ha jodido la vida; creo que por eso estoy aqu\u00ed, ustedes pueden ver que esto no se cura con nada; yo creo que los 100 a\u00f1os que viva y que tenga conciencia, voy a decirle lo mismo; espero que \u00e9l haga conciencia y que pueda determinar lo que pueda pasar con este se\u00f1or\u201d, demand\u00f3.<\/p>\n<p style=\"text-align: justify;\">La abogada Patricia Olamendi reproch\u00f3 la ausencia de los comisionados de la CNHJ y se\u00f1al\u00f3 que durante la comparecencia se pretendi\u00f3 intimidar y revictimizar a Basilia \u201cN.\u201d<\/p>\n<p style=\"text-align: justify;\">\u201cHubo un conjunto de violaciones graves a los derechos humanos, no se consider\u00f3 su condici\u00f3n de v\u00edctima (\u2026) Se intent\u00f3 revictimizarla en varias ocasiones, se intent\u00f3 que recibiera preguntas bastante fuertes de los abogados (de Salgado)\u201d, manifest\u00f3.<\/p>\n<p style=\"text-align: justify;\">Sin embargo, la abogada precis\u00f3 que \u201chay que dejar algo muy claro: en realidad todo este procedimiento es una simulaci\u00f3n, porque el que no haya estado ning\u00fan comisionado, el que se busque alargar, revictimizar a la v\u00edctima, forma parte de este clima de hostilidad\u201d.<\/p>\n<p style=\"text-align: justify;\">Olamendi revel\u00f3, sin embargo, que ya se han solicitado medidas de protecci\u00f3n para Basilia \u201cN\u201d, y advirti\u00f3 que denunciar\u00e1n ante el INE y el Tribunal Electoral el trato que ha recibido la v\u00edctima.<\/p>\n<p style=\"text-align: justify;\">Dijo que es una mala se\u00f1al que el partido haya permitido la formalizaci\u00f3n del registro de Salgado como precandidato en Guerrero aun cuando la investigaci\u00f3n interna a\u00fan no concluye.<\/p>\n<p style=\"text-align: justify;\">\u201cEs evidente el apoyo y la protecci\u00f3n desde muy, muy arriba para esta candidatura\u201d, lament\u00f3 la abogada.<\/p>\n","protected":false},"excerpt":{"rendered":"<p>*\u00a0 Es una mala se\u00f1al que Morena haya permitido la formalizaci\u00f3n del registro de Salgado Macedonio como precandidato en Guerrero aun cuando la investigaci\u00f3n interna a\u00fan no concluye, manifiesta la abogada de la v\u00edctima, Patricia Olamendi. * Abogados de &#8216;Basilia N&#8217; ya\u00a0 han solicitado medidas de protecci\u00f3n para la v\u00edctima y advirtieron que denunciar\u00e1n ante&#8230;<\/p>\n","protected":false},"author":2,"featured_media":1221226,"comment_status":"closed","ping_status":"closed","sticky":false,"template":"","format":"standard","meta":{"footnotes":""},"categories":[2053,1972,1997],"tags":[3116,3858,3896,6175,8227,8467,14016,14343,17004],"class_list":["post-1221225","post","type-post","status-publish","format-standard","has-post-thumbnail","hentry","category-elecciones-special","category-special","category-noticias-destacadas","tag-abuso-sexual","tag-ana-suarez","tag-andres-manuel-lopez-obrador","tag-comision-nacional-de-honestidad-y-justicia-cnhj","tag-eva-basilia-castaneda-maciel","tag-felix-salgado-macedonio","tag-organizacion-de-estados-americanos-oea","tag-patricia-olamendi","tag-tatiana-rein-venegas"],"_links":{"self":[{"href":"https:\/\/www.acapulcopress.com\/index.php\/wp-json\/wp\/v2\/posts\/1221225","targetHints":{"allow":["GET"]}}],"collection":[{"href":"https:\/\/www.acapulcopress.com\/index.php\/wp-json\/wp\/v2\/posts"}],"about":[{"href":"https:\/\/www.acapulcopress.com\/index.php\/wp-json\/wp\/v2\/types\/post"}],"author":[{"embeddable":true,"href":"https:\/\/www.acapulcopress.com\/index.php\/wp-json\/wp\/v2\/users\/2"}],"replies":[{"embeddable":true,"href":"https:\/\/www.acapulcopress.com\/index.php\/wp-json\/wp\/v2\/comments?post=1221225"}],"version-history":[{"count":0,"href":"https:\/\/www.acapulcopress.com\/index.php\/wp-json\/wp\/v2\/posts\/1221225\/revisions"}],"wp:featuredmedia":[{"embeddable":true,"href":"https:\/\/www.acapulcopress.com\/index.php\/wp-json\/"}],"wp:attachment":[{"href":"https:\/\/www.acapulcopress.com\/index.php\/wp-json\/wp\/v2\/media?parent=1221225"}],"wp:term":[{"taxonomy":"category","embeddable":true,"href":"https:\/\/www.acapulcopress.com\/index.php\/wp-json\/wp\/v2\/categories?post=1221225"},{"taxonomy":"post_tag","embeddable":true,"href":"https:\/\/www.acapulcopress.com\/index.php\/wp-json\/wp\/v2\/tags?post=1221225"}],"curies":[{"name":"wp","href":"https:\/\/api.w.org\/{rel}","templated":true}]}}