{"id":1221237,"date":"2021-02-16T21:21:48","date_gmt":"2021-02-17T03:21:48","guid":{"rendered":"https:\/\/www.acapulcopress.com\/?p=1221237"},"modified":"2021-02-16T21:21:48","modified_gmt":"2021-02-17T03:21:48","slug":"asiste-anorve-a-inauguracion-de-obra-gestionada-por-regidora-naty-rodriguez","status":"publish","type":"post","link":"https:\/\/www.acapulcopress.com\/index.php\/2021\/02\/16\/asiste-anorve-a-inauguracion-de-obra-gestionada-por-regidora-naty-rodriguez\/","title":{"rendered":"Asiste A\u00f1orve a inauguraci\u00f3n de obra gestionada por regidora Naty Rodr\u00edguez"},"content":{"rendered":"<p style=\"text-align: justify;\">ACAPULCO. * 16 de febrero de 2021.<br \/>\n<em>]\u00a0 Especial.<\/em><\/p>\n<p style=\"text-align: justify;\">El Senador de la Rep\u00fablica Manuel A\u00f1orve Ba\u00f1os, por invitaci\u00f3n de la regidora acapulque\u00f1a Natividad Rodr\u00edguez Chino, asisti\u00f3 a la inauguraci\u00f3n de la pavimentaci\u00f3n de la Calle Batalla Urica, en la Colonia Sim\u00f3n Bolivar de Acapulco.<\/p>\n<p style=\"text-align: justify;\">Acompa\u00f1ados del ex diputado, Samuel Resendiz Pe\u00f1aloza, y del ex regidor Luis Amed Salas Justo, el Senador A\u00f1orve y la regidora Naty Rodr\u00edguez, recorrieron la calle pavimentada, la cual se encuentra dentro del Pol\u00edgono de la Zapata.<\/p>\n<p style=\"text-align: justify;\">En su intervenci\u00f3n, A\u00f1orve Ba\u00f1os, reconoci\u00f3 el trabajo de gesti\u00f3n social y los resultados favorables que siempre da la edil acapulque\u00f1a y puntualiz\u00f3 que con esta obra se mejora considerablemente la calidad de vida de miles de ciudadanos.<\/p>\n<p style=\"text-align: justify;\">Por su parte, la regidora Naty Rodr\u00edguez, destac\u00f3 el apoyo solidario que siempre ha dado el Senador A\u00f1orve, a las colonias de Acapulco y tambi\u00e9n dijo que para ella siempre es un gusto poder realizar acciones como estas por que benefician a los acapulque\u00f1os.<\/p>\n","protected":false},"excerpt":{"rendered":"<p>ACAPULCO. * 16 de febrero de 2021. ]\u00a0 Especial. El Senador de la Rep\u00fablica Manuel A\u00f1orve Ba\u00f1os, por invitaci\u00f3n de la regidora acapulque\u00f1a Natividad Rodr\u00edguez Chino, asisti\u00f3 a la inauguraci\u00f3n de la pavimentaci\u00f3n de la Calle Batalla Urica, en la Colonia Sim\u00f3n Bolivar de Acapulco. Acompa\u00f1ados del ex diputado, Samuel Resendiz Pe\u00f1aloza, y del ex&#8230;<\/p>\n","protected":false},"author":2,"featured_media":1221238,"comment_status":"closed","ping_status":"closed","sticky":false,"template":"","format":"standard","meta":{"footnotes":""},"categories":[2024,18561],"tags":[12150,12366,13569,15986],"class_list":["post-1221237","post","type-post","status-publish","format-standard","has-post-thumbnail","hentry","category-politica-activism","category-society-politics","tag-luis-amed-salas-justo","tag-manuel-anorve-banos","tag-natividad-rodriguez-chino","tag-samuel-resendiz-penaloza"],"_links":{"self":[{"href":"https:\/\/www.acapulcopress.com\/index.php\/wp-json\/wp\/v2\/posts\/1221237","targetHints":{"allow":["GET"]}}],"collection":[{"href":"https:\/\/www.acapulcopress.com\/index.php\/wp-json\/wp\/v2\/posts"}],"about":[{"href":"https:\/\/www.acapulcopress.com\/index.php\/wp-json\/wp\/v2\/types\/post"}],"author":[{"embeddable":true,"href":"https:\/\/www.acapulcopress.com\/index.php\/wp-json\/wp\/v2\/users\/2"}],"replies":[{"embeddable":true,"href":"https:\/\/www.acapulcopress.com\/index.php\/wp-json\/wp\/v2\/comments?post=1221237"}],"version-history":[{"count":0,"href":"https:\/\/www.acapulcopress.com\/index.php\/wp-json\/wp\/v2\/posts\/1221237\/revisions"}],"wp:featuredmedia":[{"embeddable":true,"href":"https:\/\/www.acapulcopress.com\/index.php\/wp-json\/"}],"wp:attachment":[{"href":"https:\/\/www.acapulcopress.com\/index.php\/wp-json\/wp\/v2\/media?parent=1221237"}],"wp:term":[{"taxonomy":"category","embeddable":true,"href":"https:\/\/www.acapulcopress.com\/index.php\/wp-json\/wp\/v2\/categories?post=1221237"},{"taxonomy":"post_tag","embeddable":true,"href":"https:\/\/www.acapulcopress.com\/index.php\/wp-json\/wp\/v2\/tags?post=1221237"}],"curies":[{"name":"wp","href":"https:\/\/api.w.org\/{rel}","templated":true}]}}