{"id":1221243,"date":"2021-02-16T21:54:51","date_gmt":"2021-02-17T03:54:51","guid":{"rendered":"https:\/\/www.acapulcopress.com\/?p=1221243"},"modified":"2021-02-16T21:54:51","modified_gmt":"2021-02-17T03:54:51","slug":"uagro-aportara-407-brigadistas-y-sus-instalaciones-a-campana-de-vacunacion-covid19","status":"publish","type":"post","link":"https:\/\/www.acapulcopress.com\/index.php\/2021\/02\/16\/uagro-aportara-407-brigadistas-y-sus-instalaciones-a-campana-de-vacunacion-covid19\/","title":{"rendered":"UAGro aportar\u00e1 407 brigadistas y sus instalaciones a Campa\u00f1a de Vacunaci\u00f3n Covid19"},"content":{"rendered":"<p style=\"text-align: justify;\">CHILPANCINGO. * 16 de febrero de 2021.<br \/>\n<em>]\u00a0 UAGro.<\/em><\/p>\n<p style=\"text-align: justify;\">La Comisi\u00f3n de Salud de la Universidad Aut\u00f3noma de Guerrero (UAGro) inform\u00f3 que la instituci\u00f3n ya tiene registrados a 407 estudiantes que participar\u00e1n como brigadistas voluntarios en la Campa\u00f1a de Vacunaci\u00f3n contra el Covid-19 que el Gobierno de M\u00e9xico implementar\u00e1 en el estado.<\/p>\n<p style=\"text-align: justify;\">As\u00ed mismo inform\u00f3 que la Secretar\u00eda de Salud aprob\u00f3 como Centros de Vacunaci\u00f3n a la Escuela Preparatoria No. 7 de Acapulco; la Facultad de Ciencias Qu\u00edmico Biol\u00f3gicas y la Escuela Superior de Ciencias Naturales, ambas ubicadas en Chilpancingo, donde tambi\u00e9n se aplicar\u00e1n las vacunas en coordinaci\u00f3n de la Sedena y los lineamientos federales.<\/p>\n<p style=\"text-align: justify;\">Ayer, los integrantes de la Comisi\u00f3n de Salud, Berenice Illades Aguiar y Jos\u00e9 Legorreta Soberanis en una reuni\u00f3n virtual informaron a los universitarios sobre c\u00f3mo se integrar\u00e1n los brigadistas a la campa\u00f1a de vacunaci\u00f3n, los requerimientos y las acciones.<\/p>\n<p style=\"text-align: justify;\">Illades Aguiar dio a conocer que los estudiantes con intenci\u00f3n de participar pueden sumarse de manera voluntaria, principalmente los del \u00c1rea de la Salud: Medicina, Enfermer\u00eda Y Ciencias Qu\u00edmicas.<\/p>\n<p style=\"text-align: justify;\">Inform\u00f3 que la estrategia de la UAGro es enviar a estudiantes de acuerdo al municipio en el que radican para evitar su movilizaci\u00f3n y exponerlos; a\u00f1adi\u00f3 que de acuerdo a los responsables de los Centros de Vacunaci\u00f3n, podr\u00e1n aplicar las vacunas con previa capacitaci\u00f3n de las autoridades federales.<\/p>\n<p style=\"text-align: justify;\">Por su parte, Jos\u00e9 Legorreta Soberanis record\u00f3 que entre las acciones para cooperar con el proceso de vacunaci\u00f3n, la UAGro prest\u00f3 cinco ultracongeladores para preservar la vacuna Pfizer: dos los facilit\u00f3 la Facultad de Ciencias Qu\u00edmico Biol\u00f3gicas mientras que el Centro de Investigaci\u00f3n de Enfermedades Tropicales (CIET), la Escuela Superior de Ciencias de la Tierra y la Facultad de Medicina aportaron un congelador respectivamente.<\/p>\n<p style=\"text-align: justify;\">As\u00ed mismo a\u00f1adi\u00f3 que la UAGro aportar\u00e1 sus veh\u00edculos institucionales para transportar a adultos mayores a los centros de vacunaci\u00f3n habilitados en la UAGro.<\/p>\n<div style=\"width: 1160px;\" class=\"wp-video\"><video class=\"wp-video-shortcode\" id=\"video-1221243-1\" width=\"1160\" height=\"1263\" preload=\"metadata\" controls=\"controls\"><source type=\"video\/mp4\" src=\"https:\/\/www.acapulco.press\/wp-content\/uploads\/2021\/02\/UAGRO-VACUNAS.mp4?_=1\" \/><a href=\"https:\/\/www.acapulco.press\/wp-content\/uploads\/2021\/02\/UAGRO-VACUNAS.mp4\">https:\/\/www.acapulco.press\/wp-content\/uploads\/2021\/02\/UAGRO-VACUNAS.mp4<\/a><\/video><\/div>\n","protected":false},"excerpt":{"rendered":"<p>CHILPANCINGO. * 16 de febrero de 2021. ]\u00a0 UAGro. La Comisi\u00f3n de Salud de la Universidad Aut\u00f3noma de Guerrero (UAGro) inform\u00f3 que la instituci\u00f3n ya tiene registrados a 407 estudiantes que participar\u00e1n como brigadistas voluntarios en la Campa\u00f1a de Vacunaci\u00f3n contra el Covid-19 que el Gobierno de M\u00e9xico implementar\u00e1 en el estado. As\u00ed mismo inform\u00f3&#8230;<\/p>\n","protected":false},"author":2,"featured_media":1221244,"comment_status":"closed","ping_status":"closed","sticky":false,"template":"","format":"video","meta":{"footnotes":""},"categories":[18561,2016],"tags":[4697,5510,6705,8101,9310,10644,11041,17463,17610],"class_list":["post-1221243","post","type-post","status-publish","format-video","has-post-thumbnail","hentry","category-society-politics","category-uagro-society-politics","tag-berenice-illades-aguiar","tag-centro-de-investigacion-de-enfermedades-tropicales-ciet","tag-covid19","tag-escuela-superior-de-ciencias-de-la-tierra-y-la-facultad-de-medicina","tag-gobierno-de-mexico","tag-javier-saldana-almazan","tag-jose-legorreta-soberanis","tag-uagro","tag-universidad-autonoma-de-guerrero-uagro","post_format-post-format-video"],"_links":{"self":[{"href":"https:\/\/www.acapulcopress.com\/index.php\/wp-json\/wp\/v2\/posts\/1221243","targetHints":{"allow":["GET"]}}],"collection":[{"href":"https:\/\/www.acapulcopress.com\/index.php\/wp-json\/wp\/v2\/posts"}],"about":[{"href":"https:\/\/www.acapulcopress.com\/index.php\/wp-json\/wp\/v2\/types\/post"}],"author":[{"embeddable":true,"href":"https:\/\/www.acapulcopress.com\/index.php\/wp-json\/wp\/v2\/users\/2"}],"replies":[{"embeddable":true,"href":"https:\/\/www.acapulcopress.com\/index.php\/wp-json\/wp\/v2\/comments?post=1221243"}],"version-history":[{"count":0,"href":"https:\/\/www.acapulcopress.com\/index.php\/wp-json\/wp\/v2\/posts\/1221243\/revisions"}],"wp:featuredmedia":[{"embeddable":true,"href":"https:\/\/www.acapulcopress.com\/index.php\/wp-json\/"}],"wp:attachment":[{"href":"https:\/\/www.acapulcopress.com\/index.php\/wp-json\/wp\/v2\/media?parent=1221243"}],"wp:term":[{"taxonomy":"category","embeddable":true,"href":"https:\/\/www.acapulcopress.com\/index.php\/wp-json\/wp\/v2\/categories?post=1221243"},{"taxonomy":"post_tag","embeddable":true,"href":"https:\/\/www.acapulcopress.com\/index.php\/wp-json\/wp\/v2\/tags?post=1221243"}],"curies":[{"name":"wp","href":"https:\/\/api.w.org\/{rel}","templated":true}]}}