{"id":1221253,"date":"2021-02-16T22:13:49","date_gmt":"2021-02-17T04:13:49","guid":{"rendered":"https:\/\/www.acapulcopress.com\/?p=1221253"},"modified":"2021-02-16T22:13:49","modified_gmt":"2021-02-17T04:13:49","slug":"invita-uagro-a-capacitacion-virtual-para-campana-nacional-de-vacunacion-contra-covid19","status":"publish","type":"post","link":"https:\/\/www.acapulcopress.com\/index.php\/2021\/02\/16\/invita-uagro-a-capacitacion-virtual-para-campana-nacional-de-vacunacion-contra-covid19\/","title":{"rendered":"Invita UAGro a capacitaci\u00f3n virtual para Campa\u00f1a Nacional de Vacunaci\u00f3n contra Covid19,"},"content":{"rendered":"<p>CHILPANCINGO. * 16 de febrero de 2021.<br \/>\n]\u00a0 UAGro.<\/p>\n<p style=\"text-align: justify;\">La Universidad Aut\u00f3noma de Guerrero incita a todos lo estudiantes del \u00e1rea de la salud que quieran unirse como brigadistas durante la Campa\u00f1a Nacional de Vacunaci\u00f3n contra el Covid-19 a participar en las capacitaci\u00f3n que se realizar\u00e1n de manera virtual el pr\u00f3ximo jueves, a las 9:00 horas.<\/p>\n","protected":false},"excerpt":{"rendered":"<p>CHILPANCINGO. * 16 de febrero de 2021. ]\u00a0 UAGro. La Universidad Aut\u00f3noma de Guerrero incita a todos lo estudiantes del \u00e1rea de la salud que quieran unirse como brigadistas durante la Campa\u00f1a Nacional de Vacunaci\u00f3n contra el Covid-19 a participar en las capacitaci\u00f3n que se realizar\u00e1n de manera virtual el pr\u00f3ximo jueves, a las 9:00&#8230;<\/p>\n","protected":false},"author":2,"featured_media":1221246,"comment_status":"closed","ping_status":"closed","sticky":false,"template":"","format":"standard","meta":{"footnotes":""},"categories":[18561,2016],"tags":[5045,6705,10644,17463,17610],"class_list":["post-1221253","post","type-post","status-publish","format-standard","has-post-thumbnail","hentry","category-society-politics","category-uagro-society-politics","tag-campana-nacional-de-vacunacion-contra-el-covid19","tag-covid19","tag-javier-saldana-almazan","tag-uagro","tag-universidad-autonoma-de-guerrero-uagro"],"_links":{"self":[{"href":"https:\/\/www.acapulcopress.com\/index.php\/wp-json\/wp\/v2\/posts\/1221253","targetHints":{"allow":["GET"]}}],"collection":[{"href":"https:\/\/www.acapulcopress.com\/index.php\/wp-json\/wp\/v2\/posts"}],"about":[{"href":"https:\/\/www.acapulcopress.com\/index.php\/wp-json\/wp\/v2\/types\/post"}],"author":[{"embeddable":true,"href":"https:\/\/www.acapulcopress.com\/index.php\/wp-json\/wp\/v2\/users\/2"}],"replies":[{"embeddable":true,"href":"https:\/\/www.acapulcopress.com\/index.php\/wp-json\/wp\/v2\/comments?post=1221253"}],"version-history":[{"count":0,"href":"https:\/\/www.acapulcopress.com\/index.php\/wp-json\/wp\/v2\/posts\/1221253\/revisions"}],"wp:featuredmedia":[{"embeddable":true,"href":"https:\/\/www.acapulcopress.com\/index.php\/wp-json\/"}],"wp:attachment":[{"href":"https:\/\/www.acapulcopress.com\/index.php\/wp-json\/wp\/v2\/media?parent=1221253"}],"wp:term":[{"taxonomy":"category","embeddable":true,"href":"https:\/\/www.acapulcopress.com\/index.php\/wp-json\/wp\/v2\/categories?post=1221253"},{"taxonomy":"post_tag","embeddable":true,"href":"https:\/\/www.acapulcopress.com\/index.php\/wp-json\/wp\/v2\/tags?post=1221253"}],"curies":[{"name":"wp","href":"https:\/\/api.w.org\/{rel}","templated":true}]}}