{"id":1221267,"date":"2021-02-16T22:34:09","date_gmt":"2021-02-17T04:34:09","guid":{"rendered":"https:\/\/www.acapulcopress.com\/?p=1221267"},"modified":"2021-02-16T22:34:09","modified_gmt":"2021-02-17T04:34:09","slug":"estado-prioriza-vacunas-a-personal-medico-y-adultos-mayores-de-zonas-de-mayor-pobreza","status":"publish","type":"post","link":"https:\/\/www.acapulcopress.com\/index.php\/2021\/02\/16\/estado-prioriza-vacunas-a-personal-medico-y-adultos-mayores-de-zonas-de-mayor-pobreza\/","title":{"rendered":"Estado prioriza vacunas a personal m\u00e9dico y adultos mayores de zonas de mayor pobreza"},"content":{"rendered":"<p style=\"text-align: justify;\">CHILPANCINGO. * 16 de febrero de 2021.<br \/>\n<em>]\u00a0 Gobierno de Guerrero.<\/em><\/p>\n<p style=\"text-align: justify;\">Desde la sede del Poder Ejecutivo del Estado, el gobernador H\u00e9ctor Astudillo Flores, puntualiz\u00f3 que se priorizan las zonas de mayor pobreza y marginaci\u00f3n para la aplicaci\u00f3n de la vacuna, as\u00ed como al personal de Salud e invit\u00f3 a la poblaci\u00f3n a cuidarse con el uso obligatorio de cubrebocas y sumarse a la campa\u00f1a \u201cP\u00f3ntelo, p\u00f3nselo\u201d, respetando las medidas para evitar los contagios de COVID-19 que pongan en riesgo su salud y la de su familia.<\/p>\n<p style=\"text-align: justify;\">\u201cPor favor es una invitaci\u00f3n para que usted tambi\u00e9n se cuide utilizando el cubre boca y por favor si no tienen nada a que salir no salgan y si alguien detecta que tiene contagio, por favor ati\u00e9ndase para que no contagien a los dem\u00e1s, a su familia, a los compa\u00f1eros\u201d, expres\u00f3 Astudillo Flores.<\/p>\n<p style=\"text-align: justify;\">Dijo que el gobierno federal anunci\u00f3 que llegar\u00e1 a Guerrero la segunda dosis que ser\u00e1 aplicada para todos los trabajadores de Salud. \u201cVamos a observar que llega la vacuna para todos los que trabajan en el sistema de salud ISSSTE, Seguro Social, por supuesto el Sector Salud depende del gobierno del Estado, vamos a estar muy pendientes de esto\u201d.<\/p>\n<p style=\"text-align: justify;\">Astudillo Flores, puntualiz\u00f3 que como gobernador le interesa mucho que se haya indicado el proceso de vacunaci\u00f3n para adultos mayores en nueve municipios de las regiones de Tierra Caliente, Costa Grande y La Monta\u00f1a, priorizando las zonas o las regiones o los municipios con mayor presencia de marginaci\u00f3n social, con mayor pobreza y esto es algo que se inici\u00f3.<\/p>\n<p style=\"text-align: justify;\">En cuanto a las vacunas, el secretario de Salud, Carlos de la Pe\u00f1a Pintos, precis\u00f3 que las dosis que se est\u00e1n aplicando de AstraZeneca son primera dosis para adultos mayores y para aquel recurso humano de la Secretar\u00eda de Salud y a los que se les ha aplicado la vacuna Pfizer, ya se aplic\u00f3 primera dosis se va aplicar segunda dosis, es decir, no se est\u00e1n haciendo mezclas de vacunas.<\/p>\n<p style=\"text-align: justify;\">H\u00e9ctor Astudillo, puntualiz\u00f3 que el estado con las instituciones federales y municipales, as\u00ed como militares y navales, contin\u00faan con las acciones para concientizar a la poblaci\u00f3n de cuidarse y protegerse del COVID-19.<\/p>\n<p style=\"text-align: justify;\">\u201cEstamos en sem\u00e1foro rojo y esperamos que en 15 d\u00edas estemos en mejores condiciones diferentes. Vamos en un momento dif\u00edcil, pero yo creo que vamos a lograr avanzar en las pr\u00f3ximas dos semanas, insisto o 13 d\u00edas, 12 d\u00edas que tenemos que anunciar un sem\u00e1foro en mejor condici\u00f3n para Guerrero. Vamos descendiendo pero tenemos que ser muy consistente y no podemos confiarnos, ni pensar que esto ya nuevamente termin\u00f3\u201d, expres\u00f3 Astudillo Flores.<\/p>\n<p style=\"text-align: justify;\"><strong>Panorama Estatal de Covid-19<\/strong><\/p>\n<p style=\"text-align: justify;\">En la semana epidemiol\u00f3gica n\u00famero 7, en sem\u00e1foro rojo, el Secretario de Salud, Carlos de la Pe\u00f1a Pintos, inform\u00f3 que son 34 mil 147 casos confirmados y 3 mil 401 lamentables defunciones, mientras que se registraron en las \u00faltimas 24 horas un total de 129 nuevos casos confirmados.<\/p>\n<p style=\"text-align: justify;\">De la Pe\u00f1a Pintos, puntualiz\u00f3 que, respecto al registro diario de casos, hay estabilidad y cierta tendencia a una disminuci\u00f3n, sin embargo, los casos activos son los que nos van dando la pauta al desarrollo de la Pandemia<\/p>\n<p style=\"text-align: justify;\">El titular de Salud, indic\u00f3 que, de acuerdo a las gestiones que ha hecho el Gobernador H\u00e9ctor Astudillo Flores, con respecto a las pruebas r\u00e1pidas llegaron a Guerrero 10 mil pruebas r\u00e1pidas por parte del INSABI, sumando un total de 28 mil 500 pruebas para la detecci\u00f3n de la enfermedad.<\/p>\n<p style=\"text-align: justify;\">\u201cEs muy importante que ustedes sepan que tenemos pruebas r\u00e1pidas, que las estamos tratando de colocar para que pueda haber una atenci\u00f3n mayor en estos municipios especialmente en donde el crecimiento es m\u00e1s notable Acapulco, Chilpancingo, Iguala, Taxco principalmente y Tierra Caliente tambi\u00e9n estamos moviendo pruebas r\u00e1pidas para all\u00e1\u201d, precis\u00f3 Astudillo Flores, quien afirm\u00f3 que las personas puedan tener confianza para acercarse y hacerse estas pruebas que son efectivas.<\/p>\n","protected":false},"excerpt":{"rendered":"<p>CHILPANCINGO. * 16 de febrero de 2021. ]\u00a0 Gobierno de Guerrero. Desde la sede del Poder Ejecutivo del Estado, el gobernador H\u00e9ctor Astudillo Flores, puntualiz\u00f3 que se priorizan las zonas de mayor pobreza y marginaci\u00f3n para la aplicaci\u00f3n de la vacuna, as\u00ed como al personal de Salud e invit\u00f3 a la poblaci\u00f3n a cuidarse con&#8230;<\/p>\n","protected":false},"author":2,"featured_media":1221268,"comment_status":"closed","ping_status":"closed","sticky":false,"template":"","format":"standard","meta":{"footnotes":""},"categories":[18573,1983],"tags":[6705,9302,9705,16421],"class_list":["post-1221267","post","type-post","status-publish","format-standard","has-post-thumbnail","hentry","category-goverment","category-guerrerogob","tag-covid19","tag-gobierno-de-guerrero","tag-hector-astudillo-flores","tag-semaforo-de-riesgo-covid19"],"_links":{"self":[{"href":"https:\/\/www.acapulcopress.com\/index.php\/wp-json\/wp\/v2\/posts\/1221267","targetHints":{"allow":["GET"]}}],"collection":[{"href":"https:\/\/www.acapulcopress.com\/index.php\/wp-json\/wp\/v2\/posts"}],"about":[{"href":"https:\/\/www.acapulcopress.com\/index.php\/wp-json\/wp\/v2\/types\/post"}],"author":[{"embeddable":true,"href":"https:\/\/www.acapulcopress.com\/index.php\/wp-json\/wp\/v2\/users\/2"}],"replies":[{"embeddable":true,"href":"https:\/\/www.acapulcopress.com\/index.php\/wp-json\/wp\/v2\/comments?post=1221267"}],"version-history":[{"count":0,"href":"https:\/\/www.acapulcopress.com\/index.php\/wp-json\/wp\/v2\/posts\/1221267\/revisions"}],"wp:featuredmedia":[{"embeddable":true,"href":"https:\/\/www.acapulcopress.com\/index.php\/wp-json\/"}],"wp:attachment":[{"href":"https:\/\/www.acapulcopress.com\/index.php\/wp-json\/wp\/v2\/media?parent=1221267"}],"wp:term":[{"taxonomy":"category","embeddable":true,"href":"https:\/\/www.acapulcopress.com\/index.php\/wp-json\/wp\/v2\/categories?post=1221267"},{"taxonomy":"post_tag","embeddable":true,"href":"https:\/\/www.acapulcopress.com\/index.php\/wp-json\/wp\/v2\/tags?post=1221267"}],"curies":[{"name":"wp","href":"https:\/\/api.w.org\/{rel}","templated":true}]}}