{"id":1221273,"date":"2021-02-16T22:41:58","date_gmt":"2021-02-17T04:41:58","guid":{"rendered":"https:\/\/www.acapulcopress.com\/?p=1221273"},"modified":"2021-02-16T22:41:58","modified_gmt":"2021-02-17T04:41:58","slug":"guerrero-continua-en-la-ruta-de-la-disminucion-delictiva-astudillo","status":"publish","type":"post","link":"https:\/\/www.acapulcopress.com\/index.php\/2021\/02\/16\/guerrero-continua-en-la-ruta-de-la-disminucion-delictiva-astudillo\/","title":{"rendered":"Guerrero contin\u00faa en la ruta de la disminuci\u00f3n delictiva Astudillo"},"content":{"rendered":"<p style=\"text-align: justify;\">CHILPANCINGO. * 16 de febrero de 2021.<br \/>\n<em>]\u00a0 Gobierno de Guerrero.<\/em><\/p>\n<p style=\"text-align: justify;\">El gobernador H\u00e9ctor Astudillo Flores y los integrantes de la Mesa de Coordinaci\u00f3n para la Construcci\u00f3n de la Paz, revisaron los avances de los operativos de seguridad que han sido desplegados en el estado a fin de inhibir los actos delictivos y mejorar las condiciones de seguridad de la poblaci\u00f3n, en los que participan la Secretar\u00eda de la Defensa Nacional, Guardia Nacional, Marina Armada de M\u00e9xico, Polic\u00eda del Estado y Polic\u00eda Ministerial.<\/p>\n<p style=\"text-align: justify;\">En la reuni\u00f3n, el mandatario estatal convoc\u00f3 a continuar reforzando las acciones de seguridad en Guerrero para mantener la disminuci\u00f3n en los \u00edndices delictivos, fortaleciendo las acciones de inteligencia y los operativos desplegados en zonas identificadas, tanto en Acapulco, Tierra Caliente y la zona Norte del estado, principalmente.<\/p>\n<p style=\"text-align: justify;\">El secretario de Seguridad P\u00fablica, David Portillo Menchaca, inform\u00f3 de los hechos delictivos registrados en las <img loading=\"lazy\" decoding=\"async\" class=\"alignleft size-medium wp-image-1221274\" src=\"https:\/\/www.acapulco.press\/wp-content\/uploads\/2021\/02\/GRO-DELICTIVO-2-375x223.jpeg\" alt=\"\" width=\"375\" height=\"223\" \/>\u00faltimas 24 horas, as\u00ed como el consolidado general de la incidencia delictiva que registra una disminuci\u00f3n del 8.28 por ciento durante en el mes de enero y en lo que va del mes de febrero, con una tendencia a la baja en comparaci\u00f3n con el a\u00f1o pasado.<\/p>\n<p style=\"text-align: justify;\">Los integrantes de la Mesa de Coordinaci\u00f3n Estatal, revisaron los avances de los preparativos para la gira de trabajo del Presidente Andr\u00e9s Manuel L\u00f3pez Obrador en Iguala de la Independencia, para la celebraci\u00f3n del D\u00eda de la Bandera Nacional el pr\u00f3ximo 24 de febrero, as\u00ed como los avances de las obras de remodelaci\u00f3n del Museo de la Bandera.<\/p>\n<p style=\"text-align: justify;\">Estuvieron presentes el comandante de la Novena Regi\u00f3n Militar, Eufemio Ibarra Flores; el comandante de la Octava Regi\u00f3n Naval, Julio C\u00e9sar Pescina \u00c1vila; el secretario General de Gobierno, Florencio Salazar Adame; los comandantes de la 35 zona Militar, Miguel \u00c1ngel Aguirre Lara y de la 27 zona Militar, Federico San Juan Rosales; el coordinador Estatal de la Guardia Nacional, Lucio Vergara G\u00f3mez; el delegado de la FGR, Fernando Garc\u00eda Fern\u00e1ndez.<\/p>\n<p style=\"text-align: justify;\">As\u00ed como el delegado Federal en Guerrero, Iv\u00e1n Hern\u00e1ndez D\u00edaz; el secretario T\u00e9cnico, Hermes Teodoro Gonz\u00e1lez; el presidente de la Comisi\u00f3n Estatal de Derechos Humanos, Ram\u00f3n Navarrete Magdaleno; el representante del Centro Nacional de Inteligencia, Juan Gabriel Sosa Pintos; el vicefiscal de Investigaci\u00f3n, H\u00e9ctor Calleja Paniagua; el presidente de Coparmex Chilpancingo, Joel Moreno Temelo; el Subsecretario de Asuntos pol\u00edticos, Mart\u00edn Maldonado del Moral, entre otros funcionarios estatales y federales.<\/p>\n","protected":false},"excerpt":{"rendered":"<p>CHILPANCINGO. * 16 de febrero de 2021. ]\u00a0 Gobierno de Guerrero. El gobernador H\u00e9ctor Astudillo Flores y los integrantes de la Mesa de Coordinaci\u00f3n para la Construcci\u00f3n de la Paz, revisaron los avances de los operativos de seguridad que han sido desplegados en el estado a fin de inhibir los actos delictivos y mejorar las&#8230;<\/p>\n","protected":false},"author":2,"featured_media":1221275,"comment_status":"closed","ping_status":"closed","sticky":false,"template":"","format":"standard","meta":{"footnotes":""},"categories":[18573,1983],"tags":[6705,9302,9705,12964,16421],"class_list":["post-1221273","post","type-post","status-publish","format-standard","has-post-thumbnail","hentry","category-goverment","category-guerrerogob","tag-covid19","tag-gobierno-de-guerrero","tag-hector-astudillo-flores","tag-mesa-de-coordinacion-para-la-construccion-de-la-paz","tag-semaforo-de-riesgo-covid19"],"_links":{"self":[{"href":"https:\/\/www.acapulcopress.com\/index.php\/wp-json\/wp\/v2\/posts\/1221273","targetHints":{"allow":["GET"]}}],"collection":[{"href":"https:\/\/www.acapulcopress.com\/index.php\/wp-json\/wp\/v2\/posts"}],"about":[{"href":"https:\/\/www.acapulcopress.com\/index.php\/wp-json\/wp\/v2\/types\/post"}],"author":[{"embeddable":true,"href":"https:\/\/www.acapulcopress.com\/index.php\/wp-json\/wp\/v2\/users\/2"}],"replies":[{"embeddable":true,"href":"https:\/\/www.acapulcopress.com\/index.php\/wp-json\/wp\/v2\/comments?post=1221273"}],"version-history":[{"count":0,"href":"https:\/\/www.acapulcopress.com\/index.php\/wp-json\/wp\/v2\/posts\/1221273\/revisions"}],"wp:featuredmedia":[{"embeddable":true,"href":"https:\/\/www.acapulcopress.com\/index.php\/wp-json\/"}],"wp:attachment":[{"href":"https:\/\/www.acapulcopress.com\/index.php\/wp-json\/wp\/v2\/media?parent=1221273"}],"wp:term":[{"taxonomy":"category","embeddable":true,"href":"https:\/\/www.acapulcopress.com\/index.php\/wp-json\/wp\/v2\/categories?post=1221273"},{"taxonomy":"post_tag","embeddable":true,"href":"https:\/\/www.acapulcopress.com\/index.php\/wp-json\/wp\/v2\/tags?post=1221273"}],"curies":[{"name":"wp","href":"https:\/\/api.w.org\/{rel}","templated":true}]}}