{"id":1221280,"date":"2021-02-16T22:59:25","date_gmt":"2021-02-17T04:59:25","guid":{"rendered":"https:\/\/www.acapulcopress.com\/?p=1221280"},"modified":"2021-02-16T22:59:25","modified_gmt":"2021-02-17T04:59:25","slug":"logra-fge-condena-de-57-anos-contra-feminicida-y-captura-a-un-violador","status":"publish","type":"post","link":"https:\/\/www.acapulcopress.com\/index.php\/2021\/02\/16\/logra-fge-condena-de-57-anos-contra-feminicida-y-captura-a-un-violador\/","title":{"rendered":"Logra FGE condena de 57 a\u00f1os contra feminicida y captura a un violador"},"content":{"rendered":"<p style=\"text-align: justify;\">CHILPANCINGO. * 16 de febrero de 2021.<br \/>\n<em>]\u00a0 <a href=\"https:\/\/fiscaliaguerrero.gob.mx\" target=\"_blank\" rel=\"noopener\">https:\/\/fiscaliaguerrero.gob.mx<\/a>.<\/em><\/p>\n<p style=\"text-align: justify;\">Fiscal\u00eda de Guerrero a trav\u00e9s de la Polic\u00eda Investigadora Ministerial, regi\u00f3n Monta\u00f1a, dio cumplimiento a la orden de aprehensi\u00f3n en contra de Jos\u00e9 \u00abN\u00bb, detenido en la carretera estatal Tlapa-Chilapa como probable responsable del delito de Violaci\u00f3n en la causa penal 081\/2005-II, quedando a disposici\u00f3n del Juez del Distrito Judicial de Mina.<\/p>\n<p style=\"text-align: justify;\">En contraparte. el Ministerio P\u00fablico adscrito al Distrito Judicial de Tabares obtuvo del Juez Penal la sentencia condenatoria de 57 a\u00f1os de prisi\u00f3n en contra de Catarino \u00abN\u00bb, como responsable de los delitos de Feminicidio y Homicidio Calificado en Acapulco.<\/p>\n<p style=\"text-align: justify;\">Al imputado se le acredit\u00f3 su culpabilidad en ambos delitos, cuando con fecha 6 de abril de 2016 priv\u00f3 de la vida a Luc\u00eda \u00abN\u00bb y Bernab\u00e9 \u00abN\u00bb con objeto punzocortante mientras dorm\u00edan, hechos en la causa penal 53\/2016-II.<\/p>\n<p style=\"text-align: justify;\">El Ministerio P\u00fablico aport\u00f3 los datos de prueba ante el juez, y con fecha 15 de febrero de 2021 resolvi\u00f3 por los delitos y v\u00edctimas se\u00f1alados; sentenci\u00f3 a Catarino \u00abN\u00bb a una pena privativa de su libertad de 57 y 6 meses a\u00f1os de prisi\u00f3n, as\u00ed como a pagar por la reparaci\u00f3n del da\u00f1o, quedando interno en el Centro de Reinserci\u00f3n Social de Acapulco.<\/p>\n<p style=\"text-align: justify;\">La Fiscal\u00eda General del Estado continuar\u00e1 investigando los delitos del fuero com\u00fan y con especial seguimiento los cometidos en temas de igualdad de g\u00e9nero en el estado de Guerrero.<\/p>\n","protected":false},"excerpt":{"rendered":"<p>CHILPANCINGO. * 16 de febrero de 2021. ]\u00a0 https:\/\/fiscaliaguerrero.gob.mx. Fiscal\u00eda de Guerrero a trav\u00e9s de la Polic\u00eda Investigadora Ministerial, regi\u00f3n Monta\u00f1a, dio cumplimiento a la orden de aprehensi\u00f3n en contra de Jos\u00e9 \u00abN\u00bb, detenido en la carretera estatal Tlapa-Chilapa como probable responsable del delito de Violaci\u00f3n en la causa penal 081\/2005-II, quedando a disposici\u00f3n del&#8230;<\/p>\n","protected":false},"author":2,"featured_media":1221282,"comment_status":"closed","ping_status":"closed","sticky":false,"template":"","format":"standard","meta":{"footnotes":""},"categories":[18561,2005],"tags":[8682,10946,14737],"class_list":["post-1221280","post","type-post","status-publish","format-standard","has-post-thumbnail","hentry","category-society-politics","category-seguridad-y-justicia","tag-fiscalia-general-de-guerrero-fge","tag-jorge-zuriel-de-los-santos-barrila","tag-policia-ministerial-de-guerrero"],"_links":{"self":[{"href":"https:\/\/www.acapulcopress.com\/index.php\/wp-json\/wp\/v2\/posts\/1221280","targetHints":{"allow":["GET"]}}],"collection":[{"href":"https:\/\/www.acapulcopress.com\/index.php\/wp-json\/wp\/v2\/posts"}],"about":[{"href":"https:\/\/www.acapulcopress.com\/index.php\/wp-json\/wp\/v2\/types\/post"}],"author":[{"embeddable":true,"href":"https:\/\/www.acapulcopress.com\/index.php\/wp-json\/wp\/v2\/users\/2"}],"replies":[{"embeddable":true,"href":"https:\/\/www.acapulcopress.com\/index.php\/wp-json\/wp\/v2\/comments?post=1221280"}],"version-history":[{"count":0,"href":"https:\/\/www.acapulcopress.com\/index.php\/wp-json\/wp\/v2\/posts\/1221280\/revisions"}],"wp:featuredmedia":[{"embeddable":true,"href":"https:\/\/www.acapulcopress.com\/index.php\/wp-json\/"}],"wp:attachment":[{"href":"https:\/\/www.acapulcopress.com\/index.php\/wp-json\/wp\/v2\/media?parent=1221280"}],"wp:term":[{"taxonomy":"category","embeddable":true,"href":"https:\/\/www.acapulcopress.com\/index.php\/wp-json\/wp\/v2\/categories?post=1221280"},{"taxonomy":"post_tag","embeddable":true,"href":"https:\/\/www.acapulcopress.com\/index.php\/wp-json\/wp\/v2\/tags?post=1221280"}],"curies":[{"name":"wp","href":"https:\/\/api.w.org\/{rel}","templated":true}]}}