{"id":1221293,"date":"2021-02-16T23:33:56","date_gmt":"2021-02-17T05:33:56","guid":{"rendered":"https:\/\/www.acapulcopress.com\/?p=1221293"},"modified":"2021-02-16T23:33:56","modified_gmt":"2021-02-17T05:33:56","slug":"mario-felix","status":"publish","type":"post","link":"https:\/\/www.acapulcopress.com\/index.php\/2021\/02\/16\/mario-felix\/","title":{"rendered":"Mario\/F\u00e9lix"},"content":{"rendered":"<p style=\"text-align: justify;\">Un Rapid\u00edn<br \/>\n<strong>Con \u00c1ngel Irra Carceda<\/strong><br \/>\n<em>] angelirracar@hotmail.com.<\/em><\/p>\n<p>Est\u00e1 claro que F\u00e9lix Salgado Macedonio va. Las se\u00f1ales as\u00ed lo indican desde hace rato.<\/p>\n<p>En Morena, en todos sus \u00f3rganos, lo comprueban as\u00ed.<\/p>\n<p>Guste a no guste, es una imposici\u00f3n de candidato bastante clara dictada desde Palacio Nacional. Y ya saben qui\u00e9n manda ah\u00ed.<\/p>\n<p>No soy quien para se\u00f1alarlo como culpable de todo lo que le achacan.<\/p>\n<p>Pero llama la atenci\u00f3n el proceso de los \u00f3rganos internos de Morena en este penoso caso.<\/p>\n<p>La protecci\u00f3n es obvia. La Comisi\u00f3n de Honor y Justicia de Morena est\u00e1 sometida.<\/p>\n<p>Los datos p\u00fablicos sobre su actuar as\u00ed lo indican. Ubican a este \u00f3rgano de Morena como simple comparsa.<\/p>\n<p>Y eso, hasta ahora, ubica a F\u00e9lix Salgado como candidato a la gubernatura de Guerrero.<\/p>\n<p>El punto, casi seguro, es que F\u00e9lix ya no avanzar\u00e1 en las preferencias electorales. Lo que ya tiene es su tope.<\/p>\n<p>Creo, que durante la campa\u00f1a por la gubernatura, acumular\u00e1 una considerable baja en la preferencia ciudadana, que en estos momentos lidera.<\/p>\n<p>Y enfrente, en la alianza PRI-PRD, Mario Moreno Arcos se fortalecer\u00e1. Tendr\u00e1 que hacerlo ante el que ahora ya se le perfila como el \u201ccandidato m\u00e1s d\u00e9bil\u201d.<\/p>\n<p>Para esta alianza seguro habr\u00e1 respaldo de facto de otros partidos pol\u00edticos.<\/p>\n<p>Y, tambi\u00e9n, ah\u00ed estar\u00e1 un buen porcentaje de potenciales votantes indecisos, a favor de la alianza PRI-PRD.<\/p>\n<p>Mario Moreno seguramente ganar\u00e1 la gubernatura, sino es que se repite el gran fraude del 2005.<\/p>\n<p>Y de eso, muchos lo saben\u2026<\/p>\n","protected":false},"excerpt":{"rendered":"<p>Un Rapid\u00edn Con \u00c1ngel Irra Carceda ] angelirracar@hotmail.com. Est\u00e1 claro que F\u00e9lix Salgado Macedonio va. Las se\u00f1ales as\u00ed lo indican desde hace rato. En Morena, en todos sus \u00f3rganos, lo comprueban as\u00ed. Guste a no guste, es una imposici\u00f3n de candidato bastante clara dictada desde Palacio Nacional. Y ya saben qui\u00e9n manda ah\u00ed. No soy&#8230;<\/p>\n","protected":false},"author":2,"featured_media":1221294,"comment_status":"closed","ping_status":"closed","sticky":false,"template":"","format":"standard","meta":{"footnotes":""},"categories":[2071,1991],"tags":[3938,8467,12685,14804,14914,15279],"class_list":["post-1221293","post","type-post","status-publish","format-standard","has-post-thumbnail","hentry","category-opinion-analisis-columnas","category-libertad-de-expresion","tag-angel-irra-carceda","tag-felix-salgado-macedonio","tag-mario-moreno-arcos","tag-prd","tag-pri","tag-rapidin"],"_links":{"self":[{"href":"https:\/\/www.acapulcopress.com\/index.php\/wp-json\/wp\/v2\/posts\/1221293","targetHints":{"allow":["GET"]}}],"collection":[{"href":"https:\/\/www.acapulcopress.com\/index.php\/wp-json\/wp\/v2\/posts"}],"about":[{"href":"https:\/\/www.acapulcopress.com\/index.php\/wp-json\/wp\/v2\/types\/post"}],"author":[{"embeddable":true,"href":"https:\/\/www.acapulcopress.com\/index.php\/wp-json\/wp\/v2\/users\/2"}],"replies":[{"embeddable":true,"href":"https:\/\/www.acapulcopress.com\/index.php\/wp-json\/wp\/v2\/comments?post=1221293"}],"version-history":[{"count":0,"href":"https:\/\/www.acapulcopress.com\/index.php\/wp-json\/wp\/v2\/posts\/1221293\/revisions"}],"wp:featuredmedia":[{"embeddable":true,"href":"https:\/\/www.acapulcopress.com\/index.php\/wp-json\/"}],"wp:attachment":[{"href":"https:\/\/www.acapulcopress.com\/index.php\/wp-json\/wp\/v2\/media?parent=1221293"}],"wp:term":[{"taxonomy":"category","embeddable":true,"href":"https:\/\/www.acapulcopress.com\/index.php\/wp-json\/wp\/v2\/categories?post=1221293"},{"taxonomy":"post_tag","embeddable":true,"href":"https:\/\/www.acapulcopress.com\/index.php\/wp-json\/wp\/v2\/tags?post=1221293"}],"curies":[{"name":"wp","href":"https:\/\/api.w.org\/{rel}","templated":true}]}}