{"id":1221324,"date":"2021-02-17T22:27:27","date_gmt":"2021-02-18T04:27:27","guid":{"rendered":"https:\/\/www.acapulcopress.com\/?p=1221324"},"modified":"2021-02-17T22:27:27","modified_gmt":"2021-02-18T04:27:27","slug":"por-apagones-pide-senador-anorve-comparecencia-de-bartlett-cfe-y-nahle-sener","status":"publish","type":"post","link":"https:\/\/www.acapulcopress.com\/index.php\/2021\/02\/17\/por-apagones-pide-senador-anorve-comparecencia-de-bartlett-cfe-y-nahle-sener\/","title":{"rendered":"Por &#8216;apagones&#8217;, pide Senador A\u00f1orve comparecencia de Bartlett (CFE) y Nahle (Sener)"},"content":{"rendered":"<p style=\"text-align: justify;\">CIUDAD DE M\u00c9XICO. * 17 de febrero de 2021.<br \/>\n<em>]\u00a0 Especial.<\/em><\/p>\n<p style=\"text-align: justify;\">Debido a los problemas ocasionados por los constantes cortes del servicio de energ\u00eda el\u00e9ctrica en varias partes del pa\u00eds y en el estado de Guerrero, el Senador de la Rep\u00fablica Manuel A\u00f1orve Ba\u00f1os, pidi\u00f3 las comparecencias en el Senado del director de la Comisi\u00f3n Federal de Electricidad, Manuel Batlett D\u00edaz, y de la Secretaria de Energ\u00eda, Norma Roc\u00edo Nahle Garc\u00eda.<\/p>\n<p style=\"text-align: justify;\">El Senador Manuel A\u00f1orve, inform\u00f3 que ptesent\u00f3 un Punto de Acuerdo para que ambos funcionarios comparezcan y expliquen las razones por las cuales sucedieron los \u00abapagones en varias entidades de M\u00e9xico\u00bb.<\/p>\n<p style=\"text-align: justify;\">El legislador A\u00f1orve, consider\u00f3 que las decisiones del Gobierno Federal, en materia energ\u00e9tica es equivocada y el claro ejemplo es que dejaron atr\u00e1s las energ\u00edas renovables, un grave error aunado a muchos m\u00e1s, por los cuales deben de rendir cuentas ante las y los Senadores.<\/p>\n<p style=\"text-align: justify;\">Finalmente, A\u00f1orve Ba\u00f1os, critic\u00f3 la \u00abpoca empat\u00eda y visi\u00f3n de Batlett y Nahle\u00bb que han dejado al descubierto con la falta de energ\u00eda que ha sufrido M\u00e9xico, lo cual calific\u00f3 de injustificable e inadmisible.<\/p>\n","protected":false},"excerpt":{"rendered":"<p>CIUDAD DE M\u00c9XICO. * 17 de febrero de 2021. ]\u00a0 Especial. Debido a los problemas ocasionados por los constantes cortes del servicio de energ\u00eda el\u00e9ctrica en varias partes del pa\u00eds y en el estado de Guerrero, el Senador de la Rep\u00fablica Manuel A\u00f1orve Ba\u00f1os, pidi\u00f3 las comparecencias en el Senado del director de la Comisi\u00f3n&#8230;<\/p>\n","protected":false},"author":2,"featured_media":1221325,"comment_status":"closed","ping_status":"closed","sticky":false,"template":"","format":"standard","meta":{"footnotes":""},"categories":[2044,1972],"tags":[6151,12366,12375,13748,16174,16471],"class_list":["post-1221324","post","type-post","status-publish","format-standard","has-post-thumbnail","hentry","category-justice","category-special","tag-comision-federal-de-electricidad-cfe","tag-manuel-anorve-banos","tag-manuel-batlett-diaz","tag-norma-rocio-nahle-garcia","tag-secretaria-de-energia-sener","tag-senado-de-la-republica"],"_links":{"self":[{"href":"https:\/\/www.acapulcopress.com\/index.php\/wp-json\/wp\/v2\/posts\/1221324","targetHints":{"allow":["GET"]}}],"collection":[{"href":"https:\/\/www.acapulcopress.com\/index.php\/wp-json\/wp\/v2\/posts"}],"about":[{"href":"https:\/\/www.acapulcopress.com\/index.php\/wp-json\/wp\/v2\/types\/post"}],"author":[{"embeddable":true,"href":"https:\/\/www.acapulcopress.com\/index.php\/wp-json\/wp\/v2\/users\/2"}],"replies":[{"embeddable":true,"href":"https:\/\/www.acapulcopress.com\/index.php\/wp-json\/wp\/v2\/comments?post=1221324"}],"version-history":[{"count":0,"href":"https:\/\/www.acapulcopress.com\/index.php\/wp-json\/wp\/v2\/posts\/1221324\/revisions"}],"wp:featuredmedia":[{"embeddable":true,"href":"https:\/\/www.acapulcopress.com\/index.php\/wp-json\/"}],"wp:attachment":[{"href":"https:\/\/www.acapulcopress.com\/index.php\/wp-json\/wp\/v2\/media?parent=1221324"}],"wp:term":[{"taxonomy":"category","embeddable":true,"href":"https:\/\/www.acapulcopress.com\/index.php\/wp-json\/wp\/v2\/categories?post=1221324"},{"taxonomy":"post_tag","embeddable":true,"href":"https:\/\/www.acapulcopress.com\/index.php\/wp-json\/wp\/v2\/tags?post=1221324"}],"curies":[{"name":"wp","href":"https:\/\/api.w.org\/{rel}","templated":true}]}}