{"id":1221330,"date":"2021-02-17T22:37:34","date_gmt":"2021-02-18T04:37:34","guid":{"rendered":"https:\/\/www.acapulcopress.com\/?p=1221330"},"modified":"2021-02-17T22:37:34","modified_gmt":"2021-02-18T04:37:34","slug":"captura-fge-un-violador-de-zumpango-y-un-homicida-de-cochoapa","status":"publish","type":"post","link":"https:\/\/www.acapulcopress.com\/index.php\/2021\/02\/17\/captura-fge-un-violador-de-zumpango-y-un-homicida-de-cochoapa\/","title":{"rendered":"Captura FGE un violador de Zumpango y un homicida de Cochoapa"},"content":{"rendered":"<p style=\"text-align: justify;\">CHILPANCINGO. * 17 de febrero de 2021.<br \/>\n<em>] <a href=\"https:\/\/fiscaliaguerrero.gob.mx\" target=\"_blank\" rel=\"noopener\">https:\/\/fiscaliaguerrero.gob.mx<\/a>.<\/em><\/p>\n<p style=\"text-align: justify;\">La Polic\u00eda Investigadora Ministerial dio cumplimiento a la orden de aprehensi\u00f3n en contra de Pedro \u00abN\u00bb, como probable responsable del delito de violaci\u00f3n, quedando a disposici\u00f3n del Juez de Control y Enjuiciamiento Penal.<\/p>\n<p style=\"text-align: justify;\">La detenci\u00f3n se realiz\u00f3 en el municipio de Zumpango del R\u00edo y es acusado por hechos integrados en la carpeta judicial C-15\/2021 que se\u00f1alan al imputado (progenitor) de cometer el delito bajo los efectos de bebidas alcoh\u00f3licas y amenazas, mientras la v\u00edctima se encontraba en su domicilio con su menor hermano.<\/p>\n<p style=\"text-align: justify;\">Por lo anterior, el Ministerio P\u00fablico aport\u00f3 los datos de prueba, el cual qued\u00f3 a disposici\u00f3n del Juez de Control y Enjuiciamiento, quien determinar\u00e1 su situaci\u00f3n jur\u00eddica.<\/p>\n<p style=\"text-align: justify;\">La Fiscal\u00eda General del Estado continuar\u00e1 investigando los delitos del fuero com\u00fan y con especial seguimiento los cometidos en temas de igualdad de g\u00e9nero y menores de edad en el estado de Guerrero.<\/p>\n<p style=\"text-align: justify;\">VIOLADOR CAPTURADO<\/p>\n<p style=\"text-align: justify;\">El Ministerio P\u00fablico aport\u00f3 los datos de pruebas y obtuvo del Juez de Control vinculaci\u00f3n a proceso en contra de Rub\u00e9n \u00abN\u00bb, como probable responsable del delito de Homicidio Calificado, en Cochoapa el Grande, Regi\u00f3n Monta\u00f1a.<\/p>\n<p style=\"text-align: justify;\">El imputado es acusado de accionar un arma de fuego calibre 9 mm en contra de Arturo \u00abN\u00bb y de arrojar el cuerpo desde un puente que cruza al r\u00edo de Cochoapa el Grande, hechos que forman parte de la <img loading=\"lazy\" decoding=\"async\" class=\"alignleft size-medium wp-image-1221332\" src=\"https:\/\/www.acapulco.press\/wp-content\/uploads\/2021\/02\/FGE-RUBEN-HOMICIDA-375x375.jpg\" alt=\"\" width=\"375\" height=\"375\" \/>carpeta judicial C-12\/2021.<\/p>\n<p style=\"text-align: justify;\">El d\u00eda 17 de febrero del presente a\u00f1o, el Juez de Control y Enjuiciamiento Penal vincul\u00f3 a proceso en contra de Rub\u00e9n \u00abN\u00bb, como probable responsable del delito de Homicidio Calificado, otorgando cinco meses de investigaci\u00f3n complementaria, quedando interno en el Centro de Reinserci\u00f3n Social de Tlapa de Comonfort, bajo la medida cautelar de prisi\u00f3n preventiva oficiosa.<\/p>\n","protected":false},"excerpt":{"rendered":"<p>CHILPANCINGO. * 17 de febrero de 2021. ] https:\/\/fiscaliaguerrero.gob.mx. La Polic\u00eda Investigadora Ministerial dio cumplimiento a la orden de aprehensi\u00f3n en contra de Pedro \u00abN\u00bb, como probable responsable del delito de violaci\u00f3n, quedando a disposici\u00f3n del Juez de Control y Enjuiciamiento Penal. La detenci\u00f3n se realiz\u00f3 en el municipio de Zumpango del R\u00edo y es&#8230;<\/p>\n","protected":false},"author":2,"featured_media":1221331,"comment_status":"closed","ping_status":"closed","sticky":false,"template":"","format":"standard","meta":{"footnotes":""},"categories":[18561,2005],"tags":[],"class_list":["post-1221330","post","type-post","status-publish","format-standard","has-post-thumbnail","hentry","category-society-politics","category-seguridad-y-justicia"],"_links":{"self":[{"href":"https:\/\/www.acapulcopress.com\/index.php\/wp-json\/wp\/v2\/posts\/1221330","targetHints":{"allow":["GET"]}}],"collection":[{"href":"https:\/\/www.acapulcopress.com\/index.php\/wp-json\/wp\/v2\/posts"}],"about":[{"href":"https:\/\/www.acapulcopress.com\/index.php\/wp-json\/wp\/v2\/types\/post"}],"author":[{"embeddable":true,"href":"https:\/\/www.acapulcopress.com\/index.php\/wp-json\/wp\/v2\/users\/2"}],"replies":[{"embeddable":true,"href":"https:\/\/www.acapulcopress.com\/index.php\/wp-json\/wp\/v2\/comments?post=1221330"}],"version-history":[{"count":0,"href":"https:\/\/www.acapulcopress.com\/index.php\/wp-json\/wp\/v2\/posts\/1221330\/revisions"}],"wp:featuredmedia":[{"embeddable":true,"href":"https:\/\/www.acapulcopress.com\/index.php\/wp-json\/"}],"wp:attachment":[{"href":"https:\/\/www.acapulcopress.com\/index.php\/wp-json\/wp\/v2\/media?parent=1221330"}],"wp:term":[{"taxonomy":"category","embeddable":true,"href":"https:\/\/www.acapulcopress.com\/index.php\/wp-json\/wp\/v2\/categories?post=1221330"},{"taxonomy":"post_tag","embeddable":true,"href":"https:\/\/www.acapulcopress.com\/index.php\/wp-json\/wp\/v2\/tags?post=1221330"}],"curies":[{"name":"wp","href":"https:\/\/api.w.org\/{rel}","templated":true}]}}