{"id":1221339,"date":"2021-02-17T22:55:03","date_gmt":"2021-02-18T04:55:03","guid":{"rendered":"https:\/\/www.acapulcopress.com\/?p=1221339"},"modified":"2021-02-17T22:55:03","modified_gmt":"2021-02-18T04:55:03","slug":"comercio-local-necesita-del-apoyo-de-autoridades-y-sociedad-yair-garcia","status":"publish","type":"post","link":"https:\/\/www.acapulcopress.com\/index.php\/2021\/02\/17\/comercio-local-necesita-del-apoyo-de-autoridades-y-sociedad-yair-garcia\/","title":{"rendered":"Comercio local necesita del apoyo de autoridades y sociedad | Ya\u00edr Garc\u00eda"},"content":{"rendered":"<p style=\"text-align: justify;\">ACAPULCO. * 17 de febrero de 2021.<br \/>\n<em>] Especial.<\/em><\/p>\n<p style=\"text-align: justify;\">\u00abLos productores locales tienen una gran oportunidad para aumentar sus ganancias en estos tiempos de crisis, pero <img loading=\"lazy\" decoding=\"async\" class=\"alignleft size-medium wp-image-1221349\" src=\"https:\/\/www.acapulco.press\/wp-content\/uploads\/2021\/02\/y4ir-crisis10-375x281.jpg\" alt=\"\" width=\"375\" height=\"281\" \/>requieren del apoyo de la autoridad competente, debido a que las grandes empresas agroindustriales han reducido sus vol\u00famenes de operaci\u00f3n , y los peque\u00f1os productores pueden aprovechar tal vac\u00edo para comercializar sus art\u00edculos.\u00bb, manifest\u00f3 el<em> Ciudadano de Tiempo Completo<\/em>, Ya\u00edr Garc\u00eda Delgado.<\/p>\n<p style=\"text-align: justify;\">\u00abCon un diagn\u00f3stico y el respaldo adecuado de las autoridades pertinentes, los peque\u00f1os productores podr\u00e1n impulsar y consolidar la comercializaci\u00f3n de sus art\u00edculos en los mercados locales, pero tambi\u00e9n demostrar que \u00e9stos cumplen con las caracter\u00edsticas necesarias de inocuidad y calidad para ser consumidos por la poblaci\u00f3n\u00bb, expres\u00f3<br \/>\nYair Garc\u00eda, tras de visitar el mercado central para conocer de viva voz la situaci\u00f3n de las y los locatarios, donde plante\u00f3 que la mejor forma de hacer frente a la crisis econ\u00f3mica es fortaleciendo los mercados locales.<\/p>\n\n","protected":false},"excerpt":{"rendered":"<p>ACAPULCO. * 17 de febrero de 2021. ] Especial. \u00abLos productores locales tienen una gran oportunidad para aumentar sus ganancias en estos tiempos de crisis, pero requieren del apoyo de la autoridad competente, debido a que las grandes empresas agroindustriales han reducido sus vol\u00famenes de operaci\u00f3n , y los peque\u00f1os productores pueden aprovechar tal vac\u00edo&#8230;<\/p>\n","protected":false},"author":2,"featured_media":1221343,"comment_status":"closed","ping_status":"closed","sticky":false,"template":"","format":"standard","meta":{"footnotes":""},"categories":[2024,18561],"tags":[2651,5826,18204],"class_list":["post-1221339","post","type-post","status-publish","format-standard","has-post-thumbnail","hentry","category-politica-activism","category-society-politics","tag-consumelocal","tag-ciudadano-de-tiempo-completo","tag-yair-garcia-delgado"],"_links":{"self":[{"href":"https:\/\/www.acapulcopress.com\/index.php\/wp-json\/wp\/v2\/posts\/1221339","targetHints":{"allow":["GET"]}}],"collection":[{"href":"https:\/\/www.acapulcopress.com\/index.php\/wp-json\/wp\/v2\/posts"}],"about":[{"href":"https:\/\/www.acapulcopress.com\/index.php\/wp-json\/wp\/v2\/types\/post"}],"author":[{"embeddable":true,"href":"https:\/\/www.acapulcopress.com\/index.php\/wp-json\/wp\/v2\/users\/2"}],"replies":[{"embeddable":true,"href":"https:\/\/www.acapulcopress.com\/index.php\/wp-json\/wp\/v2\/comments?post=1221339"}],"version-history":[{"count":0,"href":"https:\/\/www.acapulcopress.com\/index.php\/wp-json\/wp\/v2\/posts\/1221339\/revisions"}],"wp:featuredmedia":[{"embeddable":true,"href":"https:\/\/www.acapulcopress.com\/index.php\/wp-json\/"}],"wp:attachment":[{"href":"https:\/\/www.acapulcopress.com\/index.php\/wp-json\/wp\/v2\/media?parent=1221339"}],"wp:term":[{"taxonomy":"category","embeddable":true,"href":"https:\/\/www.acapulcopress.com\/index.php\/wp-json\/wp\/v2\/categories?post=1221339"},{"taxonomy":"post_tag","embeddable":true,"href":"https:\/\/www.acapulcopress.com\/index.php\/wp-json\/wp\/v2\/tags?post=1221339"}],"curies":[{"name":"wp","href":"https:\/\/api.w.org\/{rel}","templated":true}]}}