{"id":1221355,"date":"2021-02-17T23:14:24","date_gmt":"2021-02-18T05:14:24","guid":{"rendered":"https:\/\/www.acapulcopress.com\/?p=1221355"},"modified":"2021-02-17T23:14:24","modified_gmt":"2021-02-18T05:14:24","slug":"mc-retira-registro-a-precandidato-a-diputado-de-puebla-por-acusaciones-de-abuso","status":"publish","type":"post","link":"https:\/\/www.acapulcopress.com\/index.php\/2021\/02\/17\/mc-retira-registro-a-precandidato-a-diputado-de-puebla-por-acusaciones-de-abuso\/","title":{"rendered":"MC retira registro a precandidato a diputado de Puebla por acusaciones de abuso"},"content":{"rendered":"<div class=\"o9v6fnle cxmmr5t8 oygrvhab hcukyx3x c1et5uql ii04i59q\">\n<div dir=\"auto\" style=\"text-align: justify;\">PUEBLA * 17 de febrero de 2021.<\/div>\n<div dir=\"auto\" style=\"text-align: justify;\"><em>]<a href=\"https:\/\/latinus.us\/2021\/02\/17\/movimiento-ciudadano-retira-registro-precandidato-diputado-puebla-acusaciones-de-abuso\/\" target=\"_blank\" rel=\"noopener\"> Latin Us<\/a>.<\/em><\/div>\n<\/div>\n<div class=\"o9v6fnle cxmmr5t8 oygrvhab hcukyx3x c1et5uql ii04i59q\" style=\"text-align: justify;\">\n<div dir=\"auto\">\n<p>Movimiento Ciudadano retir\u00f3 el registro de Jos\u00e9 El\u00edas-Medel Galindo, quien pretend\u00eda competir por una diputaci\u00f3n en el estado de Puebla sin ser militante del partido.<\/p>\n<\/div>\n<\/div>\n<div class=\"o9v6fnle cxmmr5t8 oygrvhab hcukyx3x c1et5uql ii04i59q\" style=\"text-align: justify;\">\n<div dir=\"auto\">\n<p>\u201cEl\u00edas Medel no cumple con el requisito fundamental para ser candidato de Movimiento Ciudadano: contar con el respaldo de su comunidad y acreditar una conducta intachable, por lo que no tiene posibilidad de acceder a una candidatura\u201d, se\u00f1alaron en un comunicado oficial.<\/p>\n<\/div>\n<\/div>\n<div class=\"o9v6fnle cxmmr5t8 oygrvhab hcukyx3x c1et5uql ii04i59q\" style=\"text-align: justify;\">\n<div dir=\"auto\">\n<p>El\u00edas-Medel fue se\u00f1alado por usuarios de redes sociales, especialmente por colectivas feministas, por subir fotos en Facebook en las que aparece con su hija en diversas facetas en las que los internautas consideraron que \u201csu integridad\u201d estaba siendo vulnerada.<\/p>\n<\/div>\n<\/div>\n<div class=\"o9v6fnle cxmmr5t8 oygrvhab hcukyx3x c1et5uql ii04i59q\" style=\"text-align: justify;\">\n<div dir=\"auto\">\n<p>Por su cuenta, la representaci\u00f3n de Movimiento Ciudadano en Puebla, reiter\u00f3 que para el proceso de selecci\u00f3n de sus candidatos a cualquier cargo p\u00fablico prevalece, adem\u00e1s del estado de derecho, el respeto a los principios fundamentales de la mujeres y las ni\u00f1as.<\/p>\n<\/div>\n<\/div>\n<div class=\"o9v6fnle cxmmr5t8 oygrvhab hcukyx3x c1et5uql ii04i59q\" style=\"text-align: justify;\">\n<div dir=\"auto\">\n<p>\u201cLa Comisi\u00f3n Nacional de Procesos, llevar\u00e1 a cabo la auscultaci\u00f3n final, para que en Puebla y el resto del pa\u00eds contemos con las y los mejores perfiles para abanderar un movimiento libre de violencia de g\u00e9nero o de cualquier tipo\u201d, a\u00f1adieron.<\/p>\n<\/div>\n<\/div>\n<div class=\"o9v6fnle cxmmr5t8 oygrvhab hcukyx3x c1et5uql ii04i59q\" style=\"text-align: justify;\">\n<div dir=\"auto\">Mientras tanto, el coordinador nacional del partido naranja, Clemente Casta\u00f1eda, dijo que la situaci\u00f3n de violencia padecida por millones de ni\u00f1as y mujeres en M\u00e9xico es \u201cmotivo de sobra\u201d para encender las alarmas cuando se hacen acusaciones tan delicadas como de las que se se\u00f1ala a El\u00edas-Medel. En este sentido, \u201cno vamos a permitir que sea candidato, ni integrante de Movimiento Ciudadano\u201d, expres\u00f3 en su cuenta de Twitter.<\/div>\n<\/div>\n<p style=\"text-align: justify;\"><code><\/code><\/p>\n<blockquote class=\"twitter-tweet\">\n<p dir=\"ltr\" lang=\"es\">Movimiento Ciudadano Puebla <a href=\"https:\/\/twitter.com\/DanteDelgado?ref_src=twsrc%5Etfw\">@DanteDelgado<\/a> <a href=\"https:\/\/twitter.com\/ClementeCH?ref_src=twsrc%5Etfw\">@ClementeCH<\/a> <a href=\"https:\/\/twitter.com\/jesi_ortega?ref_src=twsrc%5Etfw\">@jesi_ortega<\/a> <a href=\"https:\/\/twitter.com\/JulietaMRabago?ref_src=twsrc%5Etfw\">@JulietaMRabago<\/a> <a href=\"https:\/\/t.co\/WmBrjaxiBm\">pic.twitter.com\/WmBrjaxiBm<\/a><\/p>\n<p>\u2014 Movimiento Ciudadano Puebla (@MovCiudadanoPue) <a href=\"https:\/\/twitter.com\/MovCiudadanoPue\/status\/1361743266765414401?ref_src=twsrc%5Etfw\">February 16, 2021<\/a><\/p><\/blockquote>\n<p style=\"text-align: justify;\"><script async src=\"https:\/\/platform.twitter.com\/widgets.js\" charset=\"utf-8\"><\/script><\/p>\n","protected":false},"excerpt":{"rendered":"<p>PUEBLA * 17 de febrero de 2021. ] Latin Us. Movimiento Ciudadano retir\u00f3 el registro de Jos\u00e9 El\u00edas-Medel Galindo, quien pretend\u00eda competir por una diputaci\u00f3n en el estado de Puebla sin ser militante del partido. \u201cEl\u00edas Medel no cumple con el requisito fundamental para ser candidato de Movimiento Ciudadano: contar con el respaldo de su&#8230;<\/p>\n","protected":false},"author":2,"featured_media":1221356,"comment_status":"closed","ping_status":"closed","sticky":false,"template":"","format":"standard","meta":{"footnotes":""},"categories":[1969],"tags":[3116,11011,13334],"class_list":["post-1221355","post","type-post","status-publish","format-standard","has-post-thumbnail","hentry","category-trending","tag-abuso-sexual","tag-jose-elias-medel-galindo","tag-movimiento-ciudadano-mc"],"_links":{"self":[{"href":"https:\/\/www.acapulcopress.com\/index.php\/wp-json\/wp\/v2\/posts\/1221355","targetHints":{"allow":["GET"]}}],"collection":[{"href":"https:\/\/www.acapulcopress.com\/index.php\/wp-json\/wp\/v2\/posts"}],"about":[{"href":"https:\/\/www.acapulcopress.com\/index.php\/wp-json\/wp\/v2\/types\/post"}],"author":[{"embeddable":true,"href":"https:\/\/www.acapulcopress.com\/index.php\/wp-json\/wp\/v2\/users\/2"}],"replies":[{"embeddable":true,"href":"https:\/\/www.acapulcopress.com\/index.php\/wp-json\/wp\/v2\/comments?post=1221355"}],"version-history":[{"count":0,"href":"https:\/\/www.acapulcopress.com\/index.php\/wp-json\/wp\/v2\/posts\/1221355\/revisions"}],"wp:featuredmedia":[{"embeddable":true,"href":"https:\/\/www.acapulcopress.com\/index.php\/wp-json\/"}],"wp:attachment":[{"href":"https:\/\/www.acapulcopress.com\/index.php\/wp-json\/wp\/v2\/media?parent=1221355"}],"wp:term":[{"taxonomy":"category","embeddable":true,"href":"https:\/\/www.acapulcopress.com\/index.php\/wp-json\/wp\/v2\/categories?post=1221355"},{"taxonomy":"post_tag","embeddable":true,"href":"https:\/\/www.acapulcopress.com\/index.php\/wp-json\/wp\/v2\/tags?post=1221355"}],"curies":[{"name":"wp","href":"https:\/\/api.w.org\/{rel}","templated":true}]}}