{"id":1221364,"date":"2021-02-18T19:40:28","date_gmt":"2021-02-19T01:40:28","guid":{"rendered":"https:\/\/www.acapulcopress.com\/?p=1221364"},"modified":"2021-02-18T19:40:28","modified_gmt":"2021-02-19T01:40:28","slug":"inicia-revolucion-feminista-vs-amlo-y-felix","status":"publish","type":"post","link":"https:\/\/www.acapulcopress.com\/index.php\/2021\/02\/18\/inicia-revolucion-feminista-vs-amlo-y-felix\/","title":{"rendered":"Inici\u00f3 Revoluci\u00f3n Feminista Vs. AMLO y F\u00e9lix"},"content":{"rendered":"<p style=\"text-align: justify;\"><strong>\u00bb Brenda Ya\u00f1ez.<\/strong><br \/>\nCHILPANCINGO. * 18 de febrero de 2021.<br \/>\n<em>] <a href=\"https:\/\/politica.expansion.mx\/estados\/2021\/02\/18\/feministas-protestaron-en-guerrero-contra-de-la-postulacion-de-salgado-macedonio\" target=\"_blank\" rel=\"noopener\">Expansi\u00f3n<\/a> \/ Latinus.<\/em><\/p>\n<p style=\"text-align: justify;\">Colectivos feministas acudieron al Tribunal Electoral de Guerrero para entregar un documento y solicitar le sea negado el registro como candidato a gobernador por Morena.<\/p>\n<p style=\"text-align: justify;\">\u00ab\u00a1Ning\u00fan agresor ser\u00e1 gobernador!\u00bb, \u00ab\u00a1presidente rompa el pacto!\u00bb, \u00ab\u00a1si no hay impugnaci\u00f3n, habr\u00e1 revoluci\u00f3n!\u00bb, fueron las exigencias que este jueves se escucharon durante una marcha en Chilpancingo, Guerrero, en contra de la candidatura a gobernador por Morena de F\u00e9lix Salgado Macedonio, organizada por colectivos feministas.<\/p>\n<p style=\"text-align: justify;\">La marcha, en la que participaron decenas de mujeres, inici\u00f3 cerca de las 2:30 de la tarde y concluy\u00f3 aproximadamente a las 4:00, esto luego de que las manifestantes entregaron al Tribunal Electoral Estatal de Guerrero un documento de impugnaci\u00f3n contra la candidatura del senador con licencia.<\/p>\n<figure id=\"attachment_1221369\" aria-describedby=\"caption-attachment-1221369\" style=\"width: 375px\" class=\"wp-caption alignleft\"><img loading=\"lazy\" decoding=\"async\" class=\"wp-image-1221369 size-medium\" src=\"https:\/\/www.acapulco.press\/wp-content\/uploads\/2021\/02\/SEGOB-375x606.jpg\" alt=\"\" width=\"375\" height=\"606\" \/><figcaption id=\"caption-attachment-1221369\" class=\"wp-caption-text\">Postura de Olga S\u00e1nchez, secretaria de Gobernaci\u00f3n federal.<\/figcaption><\/figure>\n<p style=\"text-align: justify;\">Las mujeres acudieron a la protesta vestidas de negro, con pancartas, algunas encapuchadas y con cubrebocas, para exigir una sola cosa: que Salgado Macedonio no sea candidato a gobernador.<\/p>\n<p>\u00abVenimos sin balas, venimos a entregar un documento. No traemos armas, venimos a dejar un documento\u00bb, fue as\u00ed como las manifestantes lograron que una de las representantes entrara a las instalaciones del Tribunal Electoral estatal para hacer entrega de la solicitud de impugnaci\u00f3n contra la candidatura de Salgado Macedonio.<\/p>\n<p style=\"text-align: justify;\">Su protesta y solicitud se basa en que para los grupos feministas no es pertinente su candidatura pues sobre Salgado Macedonio pesan acusaciones y se\u00f1alamientos por violaci\u00f3n y acoso sexual, las cuales no le han impedido avanzar en sus aspiraciones pol\u00edticas; incluso, el lunes, el funcionario entreg\u00f3 la solicitud de registro ante el Instituto Electoral y de Participaci\u00f3n Ciudadana del estado de Guerrero, de cara a las votaciones del pr\u00f3ximo 6 de junio.<\/p>\n<p style=\"text-align: justify;\">Algunos vidrios rotos, pintas y la quema de algunos anuncios con bombas molotov afuera de las oficinas de campa\u00f1a de Salgado Macedonio fue el saldo de esta protesta que busca hacer eco para frenar la postulaci\u00f3n del morenista.<\/p>\n<p style=\"text-align: justify;\">Pese a que esta no es la primera protesta en contra de Salgado Macedonio, el presidente Andr\u00e9s Manuel L\u00f3pez Obrador evadi\u00f3 este jueves el llamado que le hicieron mujeres a \u201cromper el pacto\u201d y dejar de apoyar a Salgado Macedonio como candidato.<\/p>\n<p style=\"text-align: justify;\">Durante su conferencia ma\u00f1anera, L\u00f3pez Obrador insisti\u00f3 en que la postulaci\u00f3n del senador con licencia fue una decisi\u00f3n de los ciudadanos.<\/p>\n<p style=\"text-align: justify;\">\u201cLas respeto mucho y ya expliqu\u00e9 yo que esto corresponde al pueblo de Guerrero y corresponde a las autoridades, y di a conocer que en \u00e9pocas de elecci\u00f3n hay varios interesados, unos que quieren el cargo, y otros que no quieren que un partido determinado gane, y buscan debilitarlo\u201d, afirm\u00f3.<\/p>\n<p><strong>SENADOR DE MORENA PIDE A F\u00c9LIX RENUNCIAR A CANDIDATURA<\/strong><\/p>\n<div style=\"width: 720px;\" class=\"wp-video\"><video class=\"wp-video-shortcode\" id=\"video-1221364-1\" width=\"720\" height=\"404\" preload=\"metadata\" controls=\"controls\"><source type=\"video\/mp4\" src=\"https:\/\/www.acapulco.press\/wp-content\/uploads\/2021\/02\/Senador-German-Martinez-Vs-Candidatura-Felix.mp4?_=1\" \/><a href=\"https:\/\/www.acapulco.press\/wp-content\/uploads\/2021\/02\/Senador-German-Martinez-Vs-Candidatura-Felix.mp4\">https:\/\/www.acapulco.press\/wp-content\/uploads\/2021\/02\/Senador-German-Martinez-Vs-Candidatura-Felix.mp4<\/a><\/video><\/div>\n<p style=\"text-align: justify;\"><strong>Campa\u00f1a \u201cPresidente, rompa el pacto\u201d<\/strong><\/p>\n<p style=\"text-align: justify;\">Desde este mi\u00e9rcoles, pol\u00edticas, artistas, escritoras, intelectuales y dem\u00e1s mujeres lanzaron una campa\u00f1a a trav\u00e9s de redes sociales para pedirle al presidente de M\u00e9xico, Andr\u00e9s Manuel L\u00f3pez Obrador, que \u201crompa el pacto\u201d y se posicione en contra de la candidatura de F\u00e9lix Salgado Macedonio.<\/p>\n<p style=\"text-align: justify;\"><em>\u201cEn respuesta a las declaraciones emitidas hoy por el presidente (Andr\u00e9s Manuel L\u00f3pez Obrador) en el espacio de \u2018Las Ma\u00f1aneras\u2019 Invitamos a todxs a tomarse una foto donde aparezca su cara y una hoja donde se lea la leyenda: Presidente, rompa el pacto (sic)\u201d<\/em>, convoc\u00f3 la Colectiva Nacional Feminista (Conafem) mediante su cuenta de Twitter.<br \/>\n\u2014 Las Constituyentes Feministas (@LasConstiMX) February 18, 2021<\/p>\n<p><strong>REVOLUCI\u00d3N FEMINISTA EN GUERRERO\u00a0<\/strong><\/p>\n<div style=\"width: 496px;\" class=\"wp-video\"><video class=\"wp-video-shortcode\" id=\"video-1221364-2\" width=\"496\" height=\"272\" preload=\"metadata\" controls=\"controls\"><source type=\"video\/mp4\" src=\"https:\/\/www.acapulco.press\/wp-content\/uploads\/2021\/02\/feministas-vs-felix3.mp4?_=2\" \/><a href=\"https:\/\/www.acapulco.press\/wp-content\/uploads\/2021\/02\/feministas-vs-felix3.mp4\">https:\/\/www.acapulco.press\/wp-content\/uploads\/2021\/02\/feministas-vs-felix3.mp4<\/a><\/video><\/div>\n<div style=\"width: 432px;\" class=\"wp-video\"><video class=\"wp-video-shortcode\" id=\"video-1221364-3\" width=\"432\" height=\"208\" preload=\"metadata\" controls=\"controls\"><source type=\"video\/mp4\" src=\"https:\/\/www.acapulco.press\/wp-content\/uploads\/2021\/02\/feministas-vs-felix2.mp4?_=3\" \/><a href=\"https:\/\/www.acapulco.press\/wp-content\/uploads\/2021\/02\/feministas-vs-felix2.mp4\">https:\/\/www.acapulco.press\/wp-content\/uploads\/2021\/02\/feministas-vs-felix2.mp4<\/a><\/video><\/div>\n<div style=\"width: 640px;\" class=\"wp-video\"><video class=\"wp-video-shortcode\" id=\"video-1221364-4\" width=\"640\" height=\"352\" preload=\"metadata\" controls=\"controls\"><source type=\"video\/mp4\" src=\"https:\/\/www.acapulco.press\/wp-content\/uploads\/2021\/02\/feministas-vs-felix.mp4?_=4\" \/><a href=\"https:\/\/www.acapulco.press\/wp-content\/uploads\/2021\/02\/feministas-vs-felix.mp4\">https:\/\/www.acapulco.press\/wp-content\/uploads\/2021\/02\/feministas-vs-felix.mp4<\/a><\/video><\/div>\n","protected":false},"excerpt":{"rendered":"<p>\u00bb Brenda Ya\u00f1ez. CHILPANCINGO. * 18 de febrero de 2021. ] Expansi\u00f3n \/ Latinus. Colectivos feministas acudieron al Tribunal Electoral de Guerrero para entregar un documento y solicitar le sea negado el registro como candidato a gobernador por Morena. \u00ab\u00a1Ning\u00fan agresor ser\u00e1 gobernador!\u00bb, \u00ab\u00a1presidente rompa el pacto!\u00bb, \u00ab\u00a1si no hay impugnaci\u00f3n, habr\u00e1 revoluci\u00f3n!\u00bb, fueron las&#8230;<\/p>\n","protected":false},"author":2,"featured_media":1221368,"comment_status":"closed","ping_status":"closed","sticky":false,"template":"","format":"video","meta":{"footnotes":""},"categories":[2053,1972,1997],"tags":[2156,3896,11017,13297],"class_list":["post-1221364","post","type-post","status-publish","format-video","has-post-thumbnail","hentry","category-elecciones-special","category-special","category-noticias-destacadas","tag-ningun-agresor-sera-gobernador","tag-andres-manuel-lopez-obrador","tag-jose-felix-salgado-macedonio","tag-morena","post_format-post-format-video"],"_links":{"self":[{"href":"https:\/\/www.acapulcopress.com\/index.php\/wp-json\/wp\/v2\/posts\/1221364","targetHints":{"allow":["GET"]}}],"collection":[{"href":"https:\/\/www.acapulcopress.com\/index.php\/wp-json\/wp\/v2\/posts"}],"about":[{"href":"https:\/\/www.acapulcopress.com\/index.php\/wp-json\/wp\/v2\/types\/post"}],"author":[{"embeddable":true,"href":"https:\/\/www.acapulcopress.com\/index.php\/wp-json\/wp\/v2\/users\/2"}],"replies":[{"embeddable":true,"href":"https:\/\/www.acapulcopress.com\/index.php\/wp-json\/wp\/v2\/comments?post=1221364"}],"version-history":[{"count":0,"href":"https:\/\/www.acapulcopress.com\/index.php\/wp-json\/wp\/v2\/posts\/1221364\/revisions"}],"wp:featuredmedia":[{"embeddable":true,"href":"https:\/\/www.acapulcopress.com\/index.php\/wp-json\/"}],"wp:attachment":[{"href":"https:\/\/www.acapulcopress.com\/index.php\/wp-json\/wp\/v2\/media?parent=1221364"}],"wp:term":[{"taxonomy":"category","embeddable":true,"href":"https:\/\/www.acapulcopress.com\/index.php\/wp-json\/wp\/v2\/categories?post=1221364"},{"taxonomy":"post_tag","embeddable":true,"href":"https:\/\/www.acapulcopress.com\/index.php\/wp-json\/wp\/v2\/tags?post=1221364"}],"curies":[{"name":"wp","href":"https:\/\/api.w.org\/{rel}","templated":true}]}}