{"id":1221390,"date":"2021-02-18T22:39:55","date_gmt":"2021-02-19T04:39:55","guid":{"rendered":"https:\/\/www.acapulcopress.com\/?p=1221390"},"modified":"2021-02-18T22:39:55","modified_gmt":"2021-02-19T04:39:55","slug":"fge-captura-un-violador-tumultuario-y-consigue-50-anos-de-carcel-contra-secuestrador","status":"publish","type":"post","link":"https:\/\/www.acapulcopress.com\/index.php\/2021\/02\/18\/fge-captura-un-violador-tumultuario-y-consigue-50-anos-de-carcel-contra-secuestrador\/","title":{"rendered":"FGE captura un violador tumultuario y consigue 50 a\u00f1os de c\u00e1rcel contra secuestrador"},"content":{"rendered":"<p style=\"text-align: justify;\">CHILPANCINGO. * 18 de febrero de 2021.<br \/>\n<em>] <a href=\"https:\/\/fiscaliaguerrero.gob.mx\" target=\"_blank\" rel=\"noopener\">https:\/\/fiscaliaguerrero.gob.mx<\/a>.<\/em><\/p>\n<p style=\"text-align: justify;\">Sentencia de 50 a\u00f1os de prisi\u00f3n logr\u00f3 la Fiscal\u00eda General del Estado en contra de Sergio \u00abN\u00bb, como responsable de Secuestro Agravado de masculino en Acapulco.<\/p>\n<p style=\"text-align: justify;\">El Ministerio P\u00fablico adscrito acredit\u00f3 la responsabilidad de Sergio \u00abN\u00bb, quien fuera la persona que priv\u00f3 de la libertad a la v\u00edctima en el interior de un bar de Costera Miguel Alem\u00e1n, el 13 de agosto de 2017, para trasladarlo a una casa de seguridad y exigir un pago monetario por su rescate.<\/p>\n<p style=\"text-align: justify;\">Desahogado el proceso, el Tribunal de Enjuiciamiento Penal de Tabares dict\u00f3 sentencia condenatoria de 50 a\u00f1os de prisi\u00f3n como responsable del delito de Secuestro Agravado, conden\u00e1ndolo a pagar una multa y por la reparaci\u00f3n del da\u00f1o a favor de la v\u00edctima.<\/p>\n<p style=\"text-align: justify;\">La Fiscal\u00eda General del Estado, continuar\u00e1 el trabajo permanente en materia de procuraci\u00f3n de justicia en el combate al delito de Secuestro, el cual presenta una disminuci\u00f3n significativa en Guerrero.<\/p>\n<p style=\"text-align: justify;\"><strong>VIOLADOR TUMULTUARIO<\/strong><\/p>\n<p style=\"text-align: justify;\">La Polic\u00eda Investigadora Ministerial adscrita a Zihuatanejo de Azueta, dio cumplimiento a la orden de aprehensi\u00f3n <img loading=\"lazy\" decoding=\"async\" class=\"alignleft size-medium wp-image-1221392\" src=\"https:\/\/www.acapulco.press\/wp-content\/uploads\/2021\/02\/FGE-SERGIO-375x375.jpg\" alt=\"\" width=\"375\" height=\"375\" \/>en contra de Javier \u00abN\u00bb, detenido como probable responsable del delito de Violaci\u00f3n Tumultuaria en agravio de menor de edad, en poblado Los Achotes.<\/p>\n<p style=\"text-align: justify;\">De acuerdo a los hechos, en un primer momento el detenido hab\u00eda cometido el delito de Violaci\u00f3n en el domicilio de un amigo; en un segundo momento encontr\u00e1ndose en compa\u00f1ia de m\u00e1s personas del sexo masculino y en el mismo domicilio se consum\u00f3 el delito de Violaci\u00f3n Tumultuaria en agravio de menor de edad, quien adem\u00e1s en ese entonces eran compa\u00f1eros de escuela, hechos que forman parte de la causa penal 157-I\/2002-bis.<\/p>\n<p style=\"text-align: justify;\">La detenci\u00f3n se realiz\u00f3 sobre carretera Acapulco-Zihuatanejo a la altura del poblado de Vista Mar, municipio de Zihuatanejo, quedando a disposici\u00f3n del Juez Primero Penal del Distrito Judicial de Azueta.<\/p>\n<p style=\"text-align: justify;\">La Fiscal\u00eda General del Estado continuar\u00e1 investigando los delitos del fuero com\u00fan y con especial seguimiento los cometidos en temas de igualdad de g\u00e9nero y menores de edad en el estado de Guerrero.<\/p>\n","protected":false},"excerpt":{"rendered":"<p>CHILPANCINGO. * 18 de febrero de 2021. ] https:\/\/fiscaliaguerrero.gob.mx. Sentencia de 50 a\u00f1os de prisi\u00f3n logr\u00f3 la Fiscal\u00eda General del Estado en contra de Sergio \u00abN\u00bb, como responsable de Secuestro Agravado de masculino en Acapulco. El Ministerio P\u00fablico adscrito acredit\u00f3 la responsabilidad de Sergio \u00abN\u00bb, quien fuera la persona que priv\u00f3 de la libertad a&#8230;<\/p>\n","protected":false},"author":2,"featured_media":1221391,"comment_status":"closed","ping_status":"closed","sticky":false,"template":"","format":"standard","meta":{"footnotes":""},"categories":[18561,2005],"tags":[8682,10946,14737],"class_list":["post-1221390","post","type-post","status-publish","format-standard","has-post-thumbnail","hentry","category-society-politics","category-seguridad-y-justicia","tag-fiscalia-general-de-guerrero-fge","tag-jorge-zuriel-de-los-santos-barrila","tag-policia-ministerial-de-guerrero"],"_links":{"self":[{"href":"https:\/\/www.acapulcopress.com\/index.php\/wp-json\/wp\/v2\/posts\/1221390","targetHints":{"allow":["GET"]}}],"collection":[{"href":"https:\/\/www.acapulcopress.com\/index.php\/wp-json\/wp\/v2\/posts"}],"about":[{"href":"https:\/\/www.acapulcopress.com\/index.php\/wp-json\/wp\/v2\/types\/post"}],"author":[{"embeddable":true,"href":"https:\/\/www.acapulcopress.com\/index.php\/wp-json\/wp\/v2\/users\/2"}],"replies":[{"embeddable":true,"href":"https:\/\/www.acapulcopress.com\/index.php\/wp-json\/wp\/v2\/comments?post=1221390"}],"version-history":[{"count":0,"href":"https:\/\/www.acapulcopress.com\/index.php\/wp-json\/wp\/v2\/posts\/1221390\/revisions"}],"wp:featuredmedia":[{"embeddable":true,"href":"https:\/\/www.acapulcopress.com\/index.php\/wp-json\/"}],"wp:attachment":[{"href":"https:\/\/www.acapulcopress.com\/index.php\/wp-json\/wp\/v2\/media?parent=1221390"}],"wp:term":[{"taxonomy":"category","embeddable":true,"href":"https:\/\/www.acapulcopress.com\/index.php\/wp-json\/wp\/v2\/categories?post=1221390"},{"taxonomy":"post_tag","embeddable":true,"href":"https:\/\/www.acapulcopress.com\/index.php\/wp-json\/wp\/v2\/tags?post=1221390"}],"curies":[{"name":"wp","href":"https:\/\/api.w.org\/{rel}","templated":true}]}}