{"id":1221397,"date":"2021-02-18T23:03:22","date_gmt":"2021-02-19T05:03:22","guid":{"rendered":"https:\/\/www.acapulcopress.com\/?p=1221397"},"modified":"2021-02-18T23:03:22","modified_gmt":"2021-02-19T05:03:22","slug":"se-mantendra-en-pie-el-toro","status":"publish","type":"post","link":"https:\/\/www.acapulcopress.com\/index.php\/2021\/02\/18\/se-mantendra-en-pie-el-toro\/","title":{"rendered":"\u00bfSe mantendr\u00e1 en pie el Toro?"},"content":{"rendered":"<p style=\"text-align: justify;\">Un Rapid\u00edn<br \/>\n<strong>Con \u00c1ngel Irra Carceda<\/strong><br \/>\n<em>] angelirracar@hotmail.com<\/em><\/p>\n<p style=\"text-align: justify;\">-\u00bfSe mantendr\u00e1 en pie el Toro?<br \/>\n\u201cEs responsabilidad, y subrayo porque esta es mi posici\u00f3n, por si alguien dudaba de mi posicionamiento., Es responsabilidad y prerrogativa de cada partido pol\u00edtico demostrar que sus candidatos est\u00e1n a la altura de sus circunstancias y proceder de acuerdo con las leyes y las mejores pr\u00e1cticas para la prevenci\u00f3n de la violencia de g\u00e9nero en todos los \u00e1mbitos\u201d.<\/p>\n<p style=\"text-align: justify;\">As\u00ed lo estableci\u00f3 la secretaria de Gobernaci\u00f3n, Olga S\u00e1nchez Cordero, este jueves en la presentaci\u00f3n del Programa Nacional para la Igualdad entre Mujeres y Hombres 2020-2024.<\/p>\n<p style=\"text-align: justify;\">El posicionamiento se da en el contexto de la gran pol\u00e9mica que ha desatado el caso de F\u00e9lix Salgado Macedonio, por las acusaciones de abuso sexual que enfrenta.<\/p>\n<p style=\"text-align: justify;\">Ha trascendido adentro y fuera de Morena. Adentro y fuera del pa\u00eds. Todo indica que ya es insalvable. Y este jueves colm\u00f3 la paciencia del propio presidente Andr\u00e9s Manuel L\u00f3pez Obrador.<\/p>\n<p style=\"text-align: justify;\">El colof\u00f3n de este penoso caso, parece que lo acu\u00f1\u00f3 durante su Ma\u00f1anera de este jueves 18 de febrero: \u201cYa chole\u201d.<br \/>\nEl 8 de marzo pr\u00f3ximo se conmemora el D\u00eda Internacional de la Mujer.<\/p>\n<p style=\"text-align: justify;\">Les pregunto: \u00bfCreen que para ese entonces tengamos a F\u00e9lix Salgado Macedonio como candidato oficial a la gubernatura por Morena?<\/p>\n<p style=\"text-align: justify;\">Habr\u00e1 que estar muy pendientes durante estos d\u00edas, si todav\u00eda los leales seguidores de este pol\u00e9mico pol\u00edtico siguen gritando: \u00a1hay Toro, hay Toro!<\/p>\n<p style=\"text-align: justify;\">Se los comento porque trasciende una versi\u00f3n muy diferente. Sin embargo, por la importancia del caso, habr\u00e1 que tomarlo con mesura. Puede que s\u00ed, puede que no.<\/p>\n","protected":false},"excerpt":{"rendered":"<p>Un Rapid\u00edn Con \u00c1ngel Irra Carceda ] angelirracar@hotmail.com -\u00bfSe mantendr\u00e1 en pie el Toro? \u201cEs responsabilidad, y subrayo porque esta es mi posici\u00f3n, por si alguien dudaba de mi posicionamiento., Es responsabilidad y prerrogativa de cada partido pol\u00edtico demostrar que sus candidatos est\u00e1n a la altura de sus circunstancias y proceder de acuerdo con las&#8230;<\/p>\n","protected":false},"author":2,"featured_media":1221398,"comment_status":"closed","ping_status":"closed","sticky":false,"template":"","format":"standard","meta":{"footnotes":""},"categories":[2071,1991],"tags":[3938,8467,13297,17511],"class_list":["post-1221397","post","type-post","status-publish","format-standard","has-post-thumbnail","hentry","category-opinion-analisis-columnas","category-libertad-de-expresion","tag-angel-irra-carceda","tag-felix-salgado-macedonio","tag-morena","tag-un-rapidin"],"_links":{"self":[{"href":"https:\/\/www.acapulcopress.com\/index.php\/wp-json\/wp\/v2\/posts\/1221397","targetHints":{"allow":["GET"]}}],"collection":[{"href":"https:\/\/www.acapulcopress.com\/index.php\/wp-json\/wp\/v2\/posts"}],"about":[{"href":"https:\/\/www.acapulcopress.com\/index.php\/wp-json\/wp\/v2\/types\/post"}],"author":[{"embeddable":true,"href":"https:\/\/www.acapulcopress.com\/index.php\/wp-json\/wp\/v2\/users\/2"}],"replies":[{"embeddable":true,"href":"https:\/\/www.acapulcopress.com\/index.php\/wp-json\/wp\/v2\/comments?post=1221397"}],"version-history":[{"count":0,"href":"https:\/\/www.acapulcopress.com\/index.php\/wp-json\/wp\/v2\/posts\/1221397\/revisions"}],"wp:featuredmedia":[{"embeddable":true,"href":"https:\/\/www.acapulcopress.com\/index.php\/wp-json\/"}],"wp:attachment":[{"href":"https:\/\/www.acapulcopress.com\/index.php\/wp-json\/wp\/v2\/media?parent=1221397"}],"wp:term":[{"taxonomy":"category","embeddable":true,"href":"https:\/\/www.acapulcopress.com\/index.php\/wp-json\/wp\/v2\/categories?post=1221397"},{"taxonomy":"post_tag","embeddable":true,"href":"https:\/\/www.acapulcopress.com\/index.php\/wp-json\/wp\/v2\/tags?post=1221397"}],"curies":[{"name":"wp","href":"https:\/\/api.w.org\/{rel}","templated":true}]}}