{"id":1221405,"date":"2021-02-18T23:32:30","date_gmt":"2021-02-19T05:32:30","guid":{"rendered":"https:\/\/www.acapulcopress.com\/?p=1221405"},"modified":"2021-02-18T23:32:30","modified_gmt":"2021-02-19T05:32:30","slug":"un-presunto-violador-no-puede-ser-gobernador-advierten-senadoras-y-diputadas-federales","status":"publish","type":"post","link":"https:\/\/www.acapulcopress.com\/index.php\/2021\/02\/18\/un-presunto-violador-no-puede-ser-gobernador-advierten-senadoras-y-diputadas-federales\/","title":{"rendered":"\u00abUn presunto violador no puede ser gobernador\u00bb, advierten senadoras y diputadas federales"},"content":{"rendered":"<p style=\"text-align: justify;\">CIUDAD DE M\u00c9XICO. * 18 de febrero de 2021.<br \/>\n<em>] <a href=\"https:\/\/megalopolismx.com\/noticia\/75236\/dan-kenia-lopez-y-xochitl-galvez-posicion-sobre-candidatura-de-felix-salgado-macedonio\" target=\"_blank\" rel=\"noopener\">Megal\u00f3polis<\/a>.<\/em><\/p>\n<p>Las senadoras del Partido Acci\u00f3n Nacional (PAN), Kenia L\u00f3pez Rabad\u00e1n y X\u00f3chitl G\u00e1lvez Ruiz, mediante una sesi\u00f3n de preguntas por videollamada dieron su posici\u00f3n sobre la candidatura de F\u00e9lix Salgado Macedonio, candidato de Morena a la gubernatura de Guerrero.<\/p>\n<p style=\"text-align: justify;\">Entre los cuestionamiento que se realizaron se encuentra la de Adri\u00e1n Ojeda, quien pregunt\u00f3: \u00bfQu\u00e9 tan agraviada se sienten como mujeres, el hecho de que ayer se aprobara la ley que defiende a las mujeres de la violencia y nadie mencionara el caso de F\u00e9lix Salgado Macedonio?.<\/p>\n<p style=\"text-align: justify;\">A lo que la senadora Kenia L\u00f3pez respondi\u00f3: \u201cme parece que la sesi\u00f3n de ayer tom\u00f3, nos tom\u00f3 el tema de la protecci\u00f3n en la l\u00f3gica pues de un dictamen. Hoy el PAN emite un video en donde p\u00fablicamente rechaza lo que est\u00e1 pasando en Guerrero y rechaza lo que est\u00e1 pasando en Morena y rechaza, por supuesto, que alguien que ha sido denunciado en cuatro ocasiones por abuso, pueda estar postulado\u201d.<\/p>\n<p style=\"text-align: justify;\">La senadora asever\u00f3 que \u201cexiste una especie de mafia masculina rodeada en esta decisi\u00f3n, y es claro que quien tendr\u00eda que definir esto no es el INE\u201d.<\/p>\n<p style=\"text-align: justify;\">Adem\u00e1s, puntualiz\u00f3 que a Morena \u2018lo que le importa son los votos y ganar amafi\u00e1ndose\u2019.<\/p>\n<p style=\"text-align: justify;\">Durante la misma sesi\u00f3n de preguntas, Rub\u00e9n Arizmendi le pregunto a la senadora X\u00f3chitl G\u00e1lvez: \u00bfpor qu\u00e9 no se refiri\u00f3 ayer durante la sesi\u00f3n al caso Salgado Macedonio?, a lo que respondi\u00f3 a que ella no le toc\u00f3 fijar postura, ya que no se encuentra en esa comisi\u00f3n y que le tocaba era a la senadora, Nadia Navarro Acevedo.<\/p>\n<p style=\"text-align: justify;\">La senadora puntualiz\u00f3 que lo que mostr\u00f3 en la cartulina, refiri\u00e9ndose al caso Salgado Macedonio, no le faltan agallas para decirlo.<\/p>\n<p style=\"text-align: justify;\">Cabe recordar que el partido de Movimiento Regeneraci\u00f3n Nacional, Morena, entreg\u00f3 la candidatura a la gubernatura de Guerrero, F\u00e9lix Salgado Macedonio, quien es acusado de haber violado al menos a 5 mujeres; mientras que Andr\u00e9s Manuel L\u00f3pez Obrador, presidente de M\u00e9xico, quien se ha autocalificado como \u201cfeminista\u201d, a mostrado su respald\u00f3 al morenista y asegur\u00f3 que las denuncias y los testimonios de las v\u00edctimas, llevan un tinte electoral.<\/p>\n<p><code><\/code><\/p>\n<blockquote class=\"twitter-tweet\">\n<p dir=\"ltr\" lang=\"es\">Morena no puede seguir mostrando desprecio por las mujeres. No podemos aceptar que hombres con acusaciones de violencia sexual alcancen puestos de poder.<\/p>\n<p>Un presunto violador no puede ser gobernador. \u00a1Ya basta! <a href=\"https:\/\/t.co\/xI0wfDFU2g\">pic.twitter.com\/xI0wfDFU2g<\/a><\/p>\n<p>\u2014 Acci\u00f3n Nacional (@AccionNacional) <a href=\"https:\/\/twitter.com\/AccionNacional\/status\/1362064102449844228?ref_src=twsrc%5Etfw\">February 17, 2021<\/a><\/p><\/blockquote>\n<p><script async src=\"https:\/\/platform.twitter.com\/widgets.js\" charset=\"utf-8\"><\/script><\/p>\n<p style=\"text-align: justify;\">\nENTREVISTA COMPLETA<\/p>\n<p style=\"text-align: justify;\"><strong>Senadora, muchas gracias. Empezar\u00edamos con las preguntas, voy a utilizar la primera pregunta de Adri\u00e1n Ojeda para aglutinar 4 o 5 que van en el mismo esquema y podamos tener una sola respuesta, si les parece bien.<\/strong><\/p>\n<p style=\"text-align: justify;\"><em>Adri\u00e1n Ojeda pregunta qu\u00e9 tan agraviada se sienten como mujeres, el hecho de que ayer se aprobara la ley que defiende a las mujeres de la violencia y nadie mencionara el caso de F\u00e9lix Salgado Macedonio. <\/em><\/p>\n<p><em>Al mismo tiempo Rita Cer\u00f3n pregunta: \u00bfno es incongruente que hoy saquen un video contra la postulaci\u00f3n de Felipe Salgado y ayer hayan rehuido el debate en la aprobaci\u00f3n de una ley que defiende a las mujeres de las agresiones?<\/em><\/p>\n<p style=\"text-align: justify;\"><em>Rub\u00e9n Arizmendi en el mismo tema: \u00bfhay alg\u00fan acuerdo para no tocar el tema?<\/em><\/p>\n<p style=\"text-align: justify;\"><em>Karina Aguilar, insistir con la pregunta de los compa\u00f1eros, \u00bfalg\u00fan morenista o el propio Salgado Macedonio les ha pedido no tocar el tema en las sesiones y con ello evitar el debate?<\/em><\/p>\n<p style=\"text-align: justify;\"><strong>* Kenia L\u00f3pez :<\/strong><br \/>\nA ver, si gustas contesto. No s\u00e9, no s\u00e9 si haya alguna petici\u00f3n ex profeso, a m\u00ed cuando menos no. Yo creo que sabr\u00edan que si alguien me pide no debatir en autom\u00e1tico, casi casi por reacci\u00f3n lo debatir\u00eda.<\/p>\n<p style=\"text-align: justify;\">Me parece que la sesi\u00f3n de ayer tom\u00f3, nos tom\u00f3 el tema de la protecci\u00f3n en la l\u00f3gica pues de un dictamen. Hoy el PAN emite un video en donde p\u00fablicamente rechaza lo que est\u00e1 pasando en Guerrero y rechaza lo que est\u00e1 pasando en Morena y rechaza, por supuesto, que alguien que ha sido denunciado en cuatro ocasiones por abuso, pueda estar postulado.<\/p>\n<p style=\"text-align: justify;\">Esto no tiene que ver con una definici\u00f3n legal, porque claro que siempre va a haber alg\u00fan argumento legal, toda vez que no tiene una sentencia firme y ejecutoriada, eso es claro, pero no estamos hablando de un tema de sentencias, estamos hablando de un tema \u00e9tico y un tema de honorabilidad en los partidos pol\u00edticos, es evidente que Morena aplasta, minimiza o disminuye la exigencia de las mujeres, no solamente de Guerrero sino de todo el pa\u00eds, pidiendo que no haya en la boleta personas puedan ser se\u00f1aladas por agresiones a mujeres o incluso por violaciones.<\/p>\n<p style=\"text-align: justify;\">Hay una cerraz\u00f3n, y yo dir\u00eda que hay una especie de componenda masculina, disc\u00falpenme que se los diga pero hay como una mafia masculina rodeada de esta decisi\u00f3n, y es claro que quien tendr\u00eda que definir esto no es el INE porque 3 de 3 se ubica claramente con una sentencia, esto tiene que ver con el acompa\u00f1amiento, el arropamiento, digamos la irresponsable solidaridad entre varios hombres de Morena, empezando por el Presidente de la Rep\u00fablica, por el Presidente del partido y por el mismo candidato a gobernador, es claro y es p\u00fablico.<\/p>\n<p style=\"text-align: justify;\">Si la decisi\u00f3n de esta candidatura un tema \u00e9tico, para Morena se ve que no les importa, porque lo que les importa son los votos, lo que les importa es ganar amafi\u00e1ndose o acordando con quien sea y eso nos ha quedado claro.<\/p>\n<p style=\"text-align: justify;\"><strong>&#8212; Para finalizar, aunque ya se toc\u00f3 abundantemente, hace una pregunta espec\u00edfica para la senadora G\u00e1lvez, Rub\u00e9n Arizmendi dice: senadora G\u00e1lvez, \u00bfpor qu\u00e9 no se refiri\u00f3 ayer durante la sesi\u00f3n al caso Salgado Macedonio? S\u00f3lo mostr\u00f3 una cartulina refiri\u00e9ndose al tema de manera indirecta.<\/strong><\/p>\n<p style=\"text-align: justify;\"><strong>* X\u00f3chitl G\u00e1lvez:<\/strong><br \/>\nLa verdad es que a m\u00ed no me toc\u00f3 fijar postura, no estoy en esa comisi\u00f3n, le tocaba por supuesto a la compa\u00f1era Nadia, Indira, por el caso de Veracruz se tom\u00f3 la decisi\u00f3n, pero por supuesto que no me faltan las agallas para decir que la cartulina se refer\u00eda a F\u00e9lix Salgado Macedonio.<\/p>\n<p style=\"text-align: justify;\">O sea, el problema es que yo ten\u00eda 20 segundos para emitir mi voto, o sea, no pod\u00edan usar de mi voto para echar un discurso y simplemente era decir a favor del dictamen, pero en contra de que los hagan candidatos.<\/p>\n<p style=\"text-align: justify;\">Si estamos hablando de los hombres violentos, no s\u00f3lo F\u00e9lix, cualquier hombre violento, cualquier persona que atente de manera violenta, que viole a una mujer no puede ser candidato, incluido F\u00e9lix Salgado Macedonio y se lo digo en su cara.<\/p>\n<p style=\"text-align: justify;\">O sea, pero obviamente pues mi cartulina era chiquita, no podr\u00eda escribir 20 cosas, fue muy r\u00e1pido, la hice ah\u00ed antes de votar, y pues lo que dije es: no los hagan candidatos, ni a F\u00e9lix ni a cualquier personaje impresentable y todos los partidos.<\/p>\n<p style=\"text-align: justify;\">Yo creo que todos los partidos est\u00e1n obligados a no dejar pasar a los impresentables, pero en el caso de F\u00e9lix es incre\u00edble que no le crean a las v\u00edctimas.<\/p>\n<p style=\"text-align: justify;\">\u00bfCu\u00e1ntas veces nos hemos quejado las mujeres que no le creen a las v\u00edctimas? Y pareciera que a Morena le importa un comino lo que la v\u00edctima est\u00e1 diciendo; o sea, la viol\u00f3, \u00bfqu\u00e9 quieren, que la haya matado para que entonces medio le creyeran? Basta.<\/p>\n<p style=\"text-align: justify;\">S\u00ed, s\u00ed se refer\u00eda a F\u00e9lix Salgado Macedonio y tengo las agallas para dec\u00edrselo en su cara.<\/p>\n<p style=\"text-align: justify;\">&#8212; Muchas gracias.<\/p>\n<div style=\"width: 320px;\" class=\"wp-video\"><video class=\"wp-video-shortcode\" id=\"video-1221405-1\" width=\"320\" height=\"584\" preload=\"metadata\" controls=\"controls\"><source type=\"video\/mp4\" src=\"https:\/\/www.acapulco.press\/wp-content\/uploads\/2021\/02\/XOCHITL-GALVEZ-VS-FELIX.mp4?_=1\" \/><a href=\"https:\/\/www.acapulco.press\/wp-content\/uploads\/2021\/02\/XOCHITL-GALVEZ-VS-FELIX.mp4\">https:\/\/www.acapulco.press\/wp-content\/uploads\/2021\/02\/XOCHITL-GALVEZ-VS-FELIX.mp4<\/a><\/video><\/div>\n","protected":false},"excerpt":{"rendered":"<p>CIUDAD DE M\u00c9XICO. * 18 de febrero de 2021. ] Megal\u00f3polis. Las senadoras del Partido Acci\u00f3n Nacional (PAN), Kenia L\u00f3pez Rabad\u00e1n y X\u00f3chitl G\u00e1lvez Ruiz, mediante una sesi\u00f3n de preguntas por videollamada dieron su posici\u00f3n sobre la candidatura de F\u00e9lix Salgado Macedonio, candidato de Morena a la gubernatura de Guerrero. Entre los cuestionamiento que se&#8230;<\/p>\n","protected":false},"author":2,"featured_media":1221408,"comment_status":"closed","ping_status":"closed","sticky":false,"template":"","format":"standard","meta":{"footnotes":""},"categories":[1969],"tags":[3896,11017,11443,13353,13495,14269,18162],"class_list":["post-1221405","post","type-post","status-publish","format-standard","has-post-thumbnail","hentry","category-trending","tag-andres-manuel-lopez-obrador","tag-jose-felix-salgado-macedonio","tag-kenia-lopez-rabadan","tag-movimiento-regeneracion-nacional-morena","tag-nadia-navarro-acevedo","tag-partido-accion-nacional-pan","tag-xochitl-galvez-ruiz"],"_links":{"self":[{"href":"https:\/\/www.acapulcopress.com\/index.php\/wp-json\/wp\/v2\/posts\/1221405","targetHints":{"allow":["GET"]}}],"collection":[{"href":"https:\/\/www.acapulcopress.com\/index.php\/wp-json\/wp\/v2\/posts"}],"about":[{"href":"https:\/\/www.acapulcopress.com\/index.php\/wp-json\/wp\/v2\/types\/post"}],"author":[{"embeddable":true,"href":"https:\/\/www.acapulcopress.com\/index.php\/wp-json\/wp\/v2\/users\/2"}],"replies":[{"embeddable":true,"href":"https:\/\/www.acapulcopress.com\/index.php\/wp-json\/wp\/v2\/comments?post=1221405"}],"version-history":[{"count":0,"href":"https:\/\/www.acapulcopress.com\/index.php\/wp-json\/wp\/v2\/posts\/1221405\/revisions"}],"wp:featuredmedia":[{"embeddable":true,"href":"https:\/\/www.acapulcopress.com\/index.php\/wp-json\/"}],"wp:attachment":[{"href":"https:\/\/www.acapulcopress.com\/index.php\/wp-json\/wp\/v2\/media?parent=1221405"}],"wp:term":[{"taxonomy":"category","embeddable":true,"href":"https:\/\/www.acapulcopress.com\/index.php\/wp-json\/wp\/v2\/categories?post=1221405"},{"taxonomy":"post_tag","embeddable":true,"href":"https:\/\/www.acapulcopress.com\/index.php\/wp-json\/wp\/v2\/tags?post=1221405"}],"curies":[{"name":"wp","href":"https:\/\/api.w.org\/{rel}","templated":true}]}}