{"id":1221413,"date":"2021-02-18T23:51:04","date_gmt":"2021-02-19T05:51:04","guid":{"rendered":"https:\/\/www.acapulcopress.com\/?p=1221413"},"modified":"2021-02-18T23:51:04","modified_gmt":"2021-02-19T05:51:04","slug":"senadora-de-morena-exige-a-su-partido-investigar-a-felix-y-no-descalificar-a-las-victimas","status":"publish","type":"post","link":"https:\/\/www.acapulcopress.com\/index.php\/2021\/02\/18\/senadora-de-morena-exige-a-su-partido-investigar-a-felix-y-no-descalificar-a-las-victimas\/","title":{"rendered":"Senadora de Morena exige a su partido investigar a F\u00e9lix y no descalificar a las &#8216;v\u00edctimas&#8217;"},"content":{"rendered":"<p style=\"text-align: justify;\">TWITTER. * 18 de febrero de 2021.<br \/>\n<em>] <a href=\"https:\/\/www.infobae.com\/america\/mexico\/2021\/02\/19\/la-senadora-malu-micher-llamo-a-morena-a-escuchar-a-victimas-en-el-caso-de-salgado-macedonio\/\" target=\"_blank\" rel=\"noopener\">Infobae<\/a>.<\/em><\/p>\n<p style=\"text-align: justify;\">La senadora Martha Luc\u00eda \u201cMal\u00fa\u201d M\u00edcher, de Morena, le pidi\u00f3 a su partido, que controla el Congreso y la presidencia del pa\u00eds, que escuche a las v\u00edctimas en el caso de su ex compa\u00f1ero F\u00e9lix Salgado Macedonio, el candidato a la gubernatura de Guerrero que acumula al menos cinco acusaciones de violaci\u00f3n.<\/p>\n<p style=\"text-align: justify;\">La legisladora M\u00edcher, presidenta en el Senado de la comisi\u00f3n de Igualdad de G\u00e9nero, le envi\u00f3 a los principales \u00f3rganos de Morena una carta que hizo p\u00fablica. La misiva fue enviada a la Comisi\u00f3n Nacional de Honestidad y Justicia (CNHJ), a la Comisi\u00f3n Nacional de Elecciones, ambas internas en el partido, as\u00ed como a los liderazgos (Mario Delgado y Citlalli Hern\u00e1ndez) y al mismo Salgado Macedonio.<\/p>\n<p style=\"text-align: justify;\">\u201cEl papel de las instituciones de procuraci\u00f3n e impartici\u00f3n de justicia es actuar y resolver las denuncias de las v\u00edctimas, no obstante, Morena como instituto pol\u00edtico que tiene como principio el pleno respeto a los derechos humanos, debe escuchar a la sociedad y fundamentalmente a las v\u00edctimas\u201d, escribi\u00f3 la senadora.<\/p>\n<p style=\"text-align: justify;\">Adem\u00e1s, pidi\u00f3 que el partido m\u00e1s poderoso de M\u00e9xico analice sin las denuncias y elementos presentados repercuten en la autoridad moral y en la \u00e9tica de los candidatos, as\u00ed como en \u201cla confianza y la credibilidad que millones de mexicanos han depositado en el proyecto pol\u00edtico de Morena\u201d.<\/p>\n<p style=\"text-align: justify;\">M\u00edcher indic\u00f3 que, \u201ccomo ha sostenido en \u00e9ste y en muchos casos\u201d, y \u201csin \u00e1nimo de prejuzgar o de omitir el principio de presunci\u00f3n de inocencia\u201d, la violencia contra las mujeres es una violaci\u00f3n a los derechos humanos reconocida internacionalmente, y como tal tiene que prevenirse, atenderse y sancionarse.<\/p>\n<p style=\"text-align: justify;\">La senadora morenista tambi\u00e9n exhort\u00f3 a las comisiones morenistas, al Comit\u00e9 Nacional de Morena y al propio Salgado Macedonio \u201ca que reflexionen de manera exhaustiva esta situaci\u00f3n para que se decida lo mejor para la ciudadan\u00eda, para las y los guerrerenses y para M\u00e9xico\u201d.<\/p>\n<p style=\"text-align: justify;\">M\u00edcher explic\u00f3 que, como senadora de la Rep\u00fablica, como feminista, como mujer, como activista de izquierda y como defensora de los derechos humanos de las ni\u00f1as y las mujeres de M\u00e9xico, consider\u00f3 pertinente enviar esta comunicaci\u00f3n a los \u00f3rganos directivos de Morena, as\u00ed como a Salgado Macedonio.<\/p>\n<p style=\"text-align: justify;\">\u201cEn estos momentos de recrudecimiento de la violencia contra las mujeres a los largo y ancho del pa\u00eds, resulta indispensable que como instituto pol\u00edtico se revise a fondo el proceso de selecci\u00f3n de candidatos, para evitar que sobre las y los candidatos pese cualquier atisbo de duda o de cuestionamiento sobre su conducta\u201d, concluy\u00f3 M\u00edcher.<\/p>\n<p style=\"text-align: justify;\">M\u00e1s temprano este jueves, el senador de Morena Germ\u00e1n Mart\u00ednez fue el primero de su bancada en criticar duramente a Salgado Macedonio. \u201cYo le pido a F\u00e9lix Salgado, mi compa\u00f1ero, que \u00e9l sea el que renuncie a la candidatura y le digo F\u00e9lix rompe el pacto, el pacto de patriarcado, el pacto agresor\u201d, expres\u00f3 Mart\u00ednez C\u00e1zares en una entrevista con Ciro G\u00f3mez Leyva en Radio F\u00f3rmula.<\/p>\n<p style=\"text-align: justify;\">Sin embargo, la postura de los senadores contrasta con la del presidente de M\u00e9xico, Andr\u00e9s Manuel L\u00f3pez Obrador, quien redobl\u00f3 este jueves su postura con respecto al caso y, luego de asegurar que las v\u00edctimas ten\u00edan derecho a denunciar, el pueblo tambi\u00e9n ten\u00eda derecho a elegir a Salgado Macedonio.<\/p>\n<p><code><\/code><\/p>\n<blockquote class=\"twitter-tweet\">\n<p dir=\"ltr\" lang=\"es\">Les comparto que como senadora, feminista, mujer, activista de izquierda y defensora de los derechos de las ni\u00f1as y mujeres, he considerado pertinente enviar esta comunicaci\u00f3n a los \u00f3rganos directivos del <a href=\"https:\/\/twitter.com\/PartidoMorenaMx?ref_src=twsrc%5Etfw\">@PartidoMorenaMx<\/a>, as\u00ed como al mismo precandidato F\u00e9lix Salgado Macedonio. <a href=\"https:\/\/t.co\/EPsOYlCUyH\">pic.twitter.com\/EPsOYlCUyH<\/a><\/p>\n<p>\u2014 Martha Luc\u00eda M\u00edcher Camarena (@MaluMicher) <a href=\"https:\/\/twitter.com\/MaluMicher\/status\/1362595453032935424?ref_src=twsrc%5Etfw\">February 19, 2021<\/a><\/p><\/blockquote>\n<p><script async src=\"https:\/\/platform.twitter.com\/widgets.js\" charset=\"utf-8\"><\/script><\/p>\n<p><img loading=\"lazy\" decoding=\"async\" class=\"alignnone wp-image-1221415 size-large\" src=\"https:\/\/www.acapulco.press\/wp-content\/uploads\/2021\/02\/Martha-Lucia-Micher-Camarena-840x1324.jpg\" alt=\"\" width=\"840\" height=\"1324\" \/><\/p>\n","protected":false},"excerpt":{"rendered":"<p>TWITTER. * 18 de febrero de 2021. ] Infobae. La senadora Martha Luc\u00eda \u201cMal\u00fa\u201d M\u00edcher, de Morena, le pidi\u00f3 a su partido, que controla el Congreso y la presidencia del pa\u00eds, que escuche a las v\u00edctimas en el caso de su ex compa\u00f1ero F\u00e9lix Salgado Macedonio, el candidato a la gubernatura de Guerrero que acumula&#8230;<\/p>\n","protected":false},"author":2,"featured_media":1221414,"comment_status":"closed","ping_status":"closed","sticky":false,"template":"","format":"standard","meta":{"footnotes":""},"categories":[1969],"tags":[5817,6171,6176,8467,12675,12740,13297],"class_list":["post-1221413","post","type-post","status-publish","format-standard","has-post-thumbnail","hentry","category-trending","tag-citlalli-hernandez","tag-comision-nacional-de-elecciones-cne-morena","tag-comision-nacional-de-honestidad-y-justicia-cnhj-morena","tag-felix-salgado-macedonio","tag-mario-delgado","tag-martha-lucia-malu-micher","tag-morena"],"_links":{"self":[{"href":"https:\/\/www.acapulcopress.com\/index.php\/wp-json\/wp\/v2\/posts\/1221413","targetHints":{"allow":["GET"]}}],"collection":[{"href":"https:\/\/www.acapulcopress.com\/index.php\/wp-json\/wp\/v2\/posts"}],"about":[{"href":"https:\/\/www.acapulcopress.com\/index.php\/wp-json\/wp\/v2\/types\/post"}],"author":[{"embeddable":true,"href":"https:\/\/www.acapulcopress.com\/index.php\/wp-json\/wp\/v2\/users\/2"}],"replies":[{"embeddable":true,"href":"https:\/\/www.acapulcopress.com\/index.php\/wp-json\/wp\/v2\/comments?post=1221413"}],"version-history":[{"count":0,"href":"https:\/\/www.acapulcopress.com\/index.php\/wp-json\/wp\/v2\/posts\/1221413\/revisions"}],"wp:featuredmedia":[{"embeddable":true,"href":"https:\/\/www.acapulcopress.com\/index.php\/wp-json\/"}],"wp:attachment":[{"href":"https:\/\/www.acapulcopress.com\/index.php\/wp-json\/wp\/v2\/media?parent=1221413"}],"wp:term":[{"taxonomy":"category","embeddable":true,"href":"https:\/\/www.acapulcopress.com\/index.php\/wp-json\/wp\/v2\/categories?post=1221413"},{"taxonomy":"post_tag","embeddable":true,"href":"https:\/\/www.acapulcopress.com\/index.php\/wp-json\/wp\/v2\/tags?post=1221413"}],"curies":[{"name":"wp","href":"https:\/\/api.w.org\/{rel}","templated":true}]}}