{"id":1221421,"date":"2021-02-19T00:13:10","date_gmt":"2021-02-19T06:13:10","guid":{"rendered":"https:\/\/www.acapulcopress.com\/?p=1221421"},"modified":"2021-02-19T00:13:10","modified_gmt":"2021-02-19T06:13:10","slug":"gobernadores-piden-incluir-a-policias-en-vacunacion-contra-covid19","status":"publish","type":"post","link":"https:\/\/www.acapulcopress.com\/index.php\/2021\/02\/19\/gobernadores-piden-incluir-a-policias-en-vacunacion-contra-covid19\/","title":{"rendered":"Gobernadores piden incluir a polic\u00edas en vacunaci\u00f3n contra Covid19"},"content":{"rendered":"<p style=\"text-align: justify;\">CIUDAD DE M\u00c9XICO. * 18 de febrero de 2021.<br \/>\n<em>] <a href=\"https:\/\/latinus.us\/2021\/02\/18\/gobernadores-incluir-todo-personal-medico-policias-vacunacion-covid\/\" target=\"_blank\" rel=\"noopener\">Latinus<\/a>.<\/em><\/p>\n<p style=\"text-align: justify;\">La gobernadora de Sonora, Claudia Pavlovich, y el mandatario estatal de Durango, Jos\u00e9 Rosas Aispuro, insistieron el jueves en que esta fase de vacunaci\u00f3n contra la Covid-19 deber\u00eda incluir a todos los trabajadores de la salud, no solamente a aquellos que atienden a pacientes contagiados con el SARS-CoV-2, as\u00ed como a personal de seguridad.<\/p>\n<p style=\"text-align: justify;\">Durante una reuni\u00f3n de la Comisi\u00f3n de Salud de la Conferencia Nacional de Gobernadores (Conago) con funcionarios del gobierno federal, Pavlovich plante\u00f3 una estrategia de compras complementarias de vacunas por parte de los estados.<\/p>\n<p style=\"text-align: justify;\">La gobernadora de Sonora, de acuerdo con un comunicado emitido por la Secretar\u00eda de Gobernaci\u00f3n, propuso que \u201clos estados puedan comprar vacunas con el fin de apoyar en la inoculaci\u00f3n de personas adultas mayores, y ampliarla a todo el personal de salud, no s\u00f3lo a los que se encuentran en la primera l\u00ednea, sino a la totalidad que se ubican en una atm\u00f3sfera de riesgo en hospitales\u201d.<\/p>\n<p style=\"text-align: justify;\">Pavlovich pidi\u00f3 que la campa\u00f1a de inoculaci\u00f3n del gobierno de M\u00e9xico \u201cincluya al personal de seguridad y de procuraci\u00f3n de justicia\u201d, al argumentar el \u201calto contacto ciudadano\u201d de quienes tienen estos trabajos.<\/p>\n<p style=\"text-align: justify;\">Jos\u00e9 Rosas Aispuro tambi\u00e9n expres\u00f3 esta inquietud durante la reuni\u00f3n, en la cual participaron la secretaria de Gobernaci\u00f3n, Olga S\u00e1nchez Cordero, y el subsecretario de Prevenci\u00f3n y Promoci\u00f3n de la Salud, Hugo L\u00f3pez-Gatell.<\/p>\n<p style=\"text-align: justify;\">\u201cAunque celebramos que hayamos podido iniciar con la segunda fase de vacunaci\u00f3n para adultos mayores, ahora la presi\u00f3n en los hospitales est\u00e1 creciendo\u201d, dijo el gobernador. \u201cEn Durango ya se est\u00e1 aplicando la segunda dosis al personal de primera l\u00ednea de atenci\u00f3n contra el coronavirus, pero el resto del personal cada d\u00eda est\u00e1 m\u00e1s inquieto y eso es importante\u201d, a\u00f1adi\u00f3.<\/p>\n<p style=\"text-align: justify;\">Hugo L\u00f3pez-Gatell se\u00f1al\u00f3 que esta preocupaci\u00f3n la han expresado de varias maneras los trabajadores de la salud del pa\u00eds, y dijo que el gobierno federal ha aumentado la definici\u00f3n del personal de primer contacto para \u201cprocurar a un n\u00famero m\u00e1s alto\u201d de dosis administradas entre este grupo.<\/p>\n","protected":false},"excerpt":{"rendered":"<p>CIUDAD DE M\u00c9XICO. * 18 de febrero de 2021. ] Latinus. La gobernadora de Sonora, Claudia Pavlovich, y el mandatario estatal de Durango, Jos\u00e9 Rosas Aispuro, insistieron el jueves en que esta fase de vacunaci\u00f3n contra la Covid-19 deber\u00eda incluir a todos los trabajadores de la salud, no solamente a aquellos que atienden a pacientes&#8230;<\/p>\n","protected":false},"author":2,"featured_media":1221422,"comment_status":"closed","ping_status":"closed","sticky":false,"template":"","format":"standard","meta":{"footnotes":""},"categories":[1972,18573,1984,18580],"tags":[5846,6357,6701,11117,16069,16197],"class_list":["post-1221421","post","type-post","status-publish","format-standard","has-post-thumbnail","hentry","category-special","category-goverment","category-gobierno-de-mexico","category-salud-mundial","tag-claudia-pavlovich","tag-conferencia-nacional-de-gobernadores-conago","tag-covid-19","tag-jose-rosas-aispuro","tag-sars-cov-2","tag-secretaria-de-gobernacion-segob"],"_links":{"self":[{"href":"https:\/\/www.acapulcopress.com\/index.php\/wp-json\/wp\/v2\/posts\/1221421","targetHints":{"allow":["GET"]}}],"collection":[{"href":"https:\/\/www.acapulcopress.com\/index.php\/wp-json\/wp\/v2\/posts"}],"about":[{"href":"https:\/\/www.acapulcopress.com\/index.php\/wp-json\/wp\/v2\/types\/post"}],"author":[{"embeddable":true,"href":"https:\/\/www.acapulcopress.com\/index.php\/wp-json\/wp\/v2\/users\/2"}],"replies":[{"embeddable":true,"href":"https:\/\/www.acapulcopress.com\/index.php\/wp-json\/wp\/v2\/comments?post=1221421"}],"version-history":[{"count":0,"href":"https:\/\/www.acapulcopress.com\/index.php\/wp-json\/wp\/v2\/posts\/1221421\/revisions"}],"wp:featuredmedia":[{"embeddable":true,"href":"https:\/\/www.acapulcopress.com\/index.php\/wp-json\/"}],"wp:attachment":[{"href":"https:\/\/www.acapulcopress.com\/index.php\/wp-json\/wp\/v2\/media?parent=1221421"}],"wp:term":[{"taxonomy":"category","embeddable":true,"href":"https:\/\/www.acapulcopress.com\/index.php\/wp-json\/wp\/v2\/categories?post=1221421"},{"taxonomy":"post_tag","embeddable":true,"href":"https:\/\/www.acapulcopress.com\/index.php\/wp-json\/wp\/v2\/tags?post=1221421"}],"curies":[{"name":"wp","href":"https:\/\/api.w.org\/{rel}","templated":true}]}}