{"id":1221443,"date":"2021-02-19T00:40:28","date_gmt":"2021-02-19T06:40:28","guid":{"rendered":"https:\/\/www.acapulcopress.com\/?p=1221443"},"modified":"2021-02-19T00:40:28","modified_gmt":"2021-02-19T06:40:28","slug":"gobernador-atiende-nuevamente-a-habitantes-de-jaleaca-de-catalan","status":"publish","type":"post","link":"https:\/\/www.acapulcopress.com\/index.php\/2021\/02\/19\/gobernador-atiende-nuevamente-a-habitantes-de-jaleaca-de-catalan\/","title":{"rendered":"Gobernador atiende nuevamente a habitantes de Jaleaca de Catal\u00e1n"},"content":{"rendered":"<p style=\"text-align: justify;\">CHILPANCINGO. * 18 de febrero de 2021.<br \/>\n<em>] Gobierno de Guerrero.<\/em><\/p>\n<p style=\"text-align: justify;\">Dando continuidad a la mesa de trabajo que integr\u00f3 hace algunos d\u00edas, el gobernador H\u00e9ctor Astudillo Flores se reuni\u00f3 nuevamente con un grupo de representantes de la comunidad de Jaleaca de Catal\u00e1n para plantearles soluciones a algunas de sus demandas.<\/p>\n<p style=\"text-align: justify;\">En este di\u00e1logo, en el que estuvo acompa\u00f1ado por funcionarios estatales, Astudillo Flores expres\u00f3 que Jaleaca de Catal\u00e1n es una comunidad a la que admira, respeta y aprecia, por lo que sus habitantes tendr\u00e1n su invariable apoyo.<\/p>\n<p style=\"text-align: justify;\">En ese sentido, instruy\u00f3 al director de la Comisi\u00f3n de Agua Potable, Alcantarillado y Saneamiento del Estado de Guerrero, Arturo Palma Carro que con una inversi\u00f3n de cinco millones de pesos, inicie los trabajos de rehabilitaci\u00f3n de sistema de agua potable de la localidad.<\/p>\n<p style=\"text-align: justify;\">Asimismo, al encargado de despacho de la Secretar\u00eda de Desarrollo Urbano y Ordenamiento Territorial, Cozovi Ocampo Guzm\u00e1n le solicit\u00f3 revisar qu\u00e9 trabajos se puede realizar para la rehabilitaci\u00f3n de tramos carreteros de la Amojileca- Chautip\u00e1n-Omiltemi- Jaleaca de Catal\u00e1n.<\/p>\n<p style=\"text-align: justify;\">En tanto que al director de la Comisi\u00f3n del Instituto Guerrerense de la Infraestructura F\u00edsica Educativa, Jorge Alcocer Navarrete, lo instruy\u00f3 rehabilitar la barda perimetral en la escuela primaria Nicol\u00e1s Catal\u00e1n y reparaciones generales de un edificio con una inversi\u00f3n de dos millones de pesos y plantear\u00e1 a la mesa para la Construcci\u00f3n de la Paz operativos de seguridad para esta zona.<\/p>\n<p style=\"text-align: justify;\">En la reuni\u00f3n tambi\u00e9n particip\u00f3 el secretario de Seguridad P\u00fablica, David Portillo Menchaca, as\u00ed como el subsecretario de Gobierno Para Asuntos Agrarios, Fernando Jaimes Ferrel, adem\u00e1s del comisario, Marco Antonio Arcos Fuentes.<\/p>\n","protected":false},"excerpt":{"rendered":"<p>CHILPANCINGO. * 18 de febrero de 2021. ] Gobierno de Guerrero. Dando continuidad a la mesa de trabajo que integr\u00f3 hace algunos d\u00edas, el gobernador H\u00e9ctor Astudillo Flores se reuni\u00f3 nuevamente con un grupo de representantes de la comunidad de Jaleaca de Catal\u00e1n para plantearles soluciones a algunas de sus demandas. En este di\u00e1logo, en&#8230;<\/p>\n","protected":false},"author":2,"featured_media":1221444,"comment_status":"closed","ping_status":"closed","sticky":false,"template":"","format":"standard","meta":{"footnotes":""},"categories":[18573,1983],"tags":[6705,9302,9705,16421],"class_list":["post-1221443","post","type-post","status-publish","format-standard","has-post-thumbnail","hentry","category-goverment","category-guerrerogob","tag-covid19","tag-gobierno-de-guerrero","tag-hector-astudillo-flores","tag-semaforo-de-riesgo-covid19"],"_links":{"self":[{"href":"https:\/\/www.acapulcopress.com\/index.php\/wp-json\/wp\/v2\/posts\/1221443","targetHints":{"allow":["GET"]}}],"collection":[{"href":"https:\/\/www.acapulcopress.com\/index.php\/wp-json\/wp\/v2\/posts"}],"about":[{"href":"https:\/\/www.acapulcopress.com\/index.php\/wp-json\/wp\/v2\/types\/post"}],"author":[{"embeddable":true,"href":"https:\/\/www.acapulcopress.com\/index.php\/wp-json\/wp\/v2\/users\/2"}],"replies":[{"embeddable":true,"href":"https:\/\/www.acapulcopress.com\/index.php\/wp-json\/wp\/v2\/comments?post=1221443"}],"version-history":[{"count":0,"href":"https:\/\/www.acapulcopress.com\/index.php\/wp-json\/wp\/v2\/posts\/1221443\/revisions"}],"wp:featuredmedia":[{"embeddable":true,"href":"https:\/\/www.acapulcopress.com\/index.php\/wp-json\/"}],"wp:attachment":[{"href":"https:\/\/www.acapulcopress.com\/index.php\/wp-json\/wp\/v2\/media?parent=1221443"}],"wp:term":[{"taxonomy":"category","embeddable":true,"href":"https:\/\/www.acapulcopress.com\/index.php\/wp-json\/wp\/v2\/categories?post=1221443"},{"taxonomy":"post_tag","embeddable":true,"href":"https:\/\/www.acapulcopress.com\/index.php\/wp-json\/wp\/v2\/tags?post=1221443"}],"curies":[{"name":"wp","href":"https:\/\/api.w.org\/{rel}","templated":true}]}}