{"id":1221450,"date":"2021-02-19T00:53:07","date_gmt":"2021-02-19T06:53:07","guid":{"rendered":"https:\/\/www.acapulcopress.com\/?p=1221450"},"modified":"2021-02-19T00:53:07","modified_gmt":"2021-02-19T06:53:07","slug":"campana-reciclatron-de-uagro-todo-un-exito","status":"publish","type":"post","link":"https:\/\/www.acapulcopress.com\/index.php\/2021\/02\/19\/campana-reciclatron-de-uagro-todo-un-exito\/","title":{"rendered":"Campa\u00f1a Reciclatr\u00f3n, de UAGro, todo un \u00e9xito"},"content":{"rendered":"<p style=\"text-align: justify;\">CHILPANCINGO. * 18 de febrero de 2021.<br \/>\n] UAGro.<\/p>\n<p style=\"text-align: justify;\">Actualmente desde el \u00c1rea de UAGro Verde, que dirige la Mtra. Guadalupe D\u00edaz Salazar, la Campa\u00f1a Reciclatr\u00f3n ha logrado ser un \u00e9xito al reunir grandes cantidades de basura electr\u00f3nica que han sido recicladas de manera segura y correcta, cumpliendo con uno de los ejes fundamentales de la Carta Verde UAGro, signada en el 2019 junto al convenio de colaboraci\u00f3n con la Semaren Guerrero,\u00a0 lo cual nos ha permitido continuar impulsando proyectos y unir esfuerzos ente la Universidad, la sociedad y el Gobierno para trabajar en beneficio de la conservaci\u00f3n de nuestro medio ambiente, informa el Rector Javier Salda\u00f1a Almaz\u00e1n.<\/p>\n<p><img loading=\"lazy\" decoding=\"async\" class=\"alignnone wp-image-1221451 size-large\" src=\"https:\/\/www.acapulco.press\/wp-content\/uploads\/2021\/02\/UAGRO-RECOPILACION-BASURA-840x630.jpg\" alt=\"\" width=\"840\" height=\"630\" \/><\/p>\n<p><img loading=\"lazy\" decoding=\"async\" class=\"alignnone wp-image-1221454 size-large\" src=\"https:\/\/www.acapulco.press\/wp-content\/uploads\/2021\/02\/UAGRO-RECOPILACION-BASURA4-840x630.jpg\" alt=\"\" width=\"840\" height=\"630\" \/><\/p>\n<p><img loading=\"lazy\" decoding=\"async\" class=\"alignnone wp-image-1221455 size-large\" src=\"https:\/\/www.acapulco.press\/wp-content\/uploads\/2021\/02\/UAGRO-RECOPILACION-BASURA5-840x630.jpg\" alt=\"\" width=\"840\" height=\"630\" \/><\/p>\n","protected":false},"excerpt":{"rendered":"<p>CHILPANCINGO. * 18 de febrero de 2021. ] UAGro. Actualmente desde el \u00c1rea de UAGro Verde, que dirige la Mtra. Guadalupe D\u00edaz Salazar, la Campa\u00f1a Reciclatr\u00f3n ha logrado ser un \u00e9xito al reunir grandes cantidades de basura electr\u00f3nica que han sido recicladas de manera segura y correcta, cumpliendo con uno de los ejes fundamentales de&#8230;<\/p>\n","protected":false},"author":2,"featured_media":1221452,"comment_status":"closed","ping_status":"closed","sticky":false,"template":"","format":"standard","meta":{"footnotes":""},"categories":[18561,2016],"tags":[5046,5290,9510,10644,17463],"class_list":["post-1221450","post","type-post","status-publish","format-standard","has-post-thumbnail","hentry","category-society-politics","category-uagro-society-politics","tag-campana-reciclatron-uagro","tag-carta-verde-uagro","tag-guadalupe-diaz-salazar","tag-javier-saldana-almazan","tag-uagro"],"_links":{"self":[{"href":"https:\/\/www.acapulcopress.com\/index.php\/wp-json\/wp\/v2\/posts\/1221450","targetHints":{"allow":["GET"]}}],"collection":[{"href":"https:\/\/www.acapulcopress.com\/index.php\/wp-json\/wp\/v2\/posts"}],"about":[{"href":"https:\/\/www.acapulcopress.com\/index.php\/wp-json\/wp\/v2\/types\/post"}],"author":[{"embeddable":true,"href":"https:\/\/www.acapulcopress.com\/index.php\/wp-json\/wp\/v2\/users\/2"}],"replies":[{"embeddable":true,"href":"https:\/\/www.acapulcopress.com\/index.php\/wp-json\/wp\/v2\/comments?post=1221450"}],"version-history":[{"count":0,"href":"https:\/\/www.acapulcopress.com\/index.php\/wp-json\/wp\/v2\/posts\/1221450\/revisions"}],"wp:featuredmedia":[{"embeddable":true,"href":"https:\/\/www.acapulcopress.com\/index.php\/wp-json\/"}],"wp:attachment":[{"href":"https:\/\/www.acapulcopress.com\/index.php\/wp-json\/wp\/v2\/media?parent=1221450"}],"wp:term":[{"taxonomy":"category","embeddable":true,"href":"https:\/\/www.acapulcopress.com\/index.php\/wp-json\/wp\/v2\/categories?post=1221450"},{"taxonomy":"post_tag","embeddable":true,"href":"https:\/\/www.acapulcopress.com\/index.php\/wp-json\/wp\/v2\/tags?post=1221450"}],"curies":[{"name":"wp","href":"https:\/\/api.w.org\/{rel}","templated":true}]}}