{"id":1221477,"date":"2021-02-19T21:48:20","date_gmt":"2021-02-20T03:48:20","guid":{"rendered":"https:\/\/www.acapulcopress.com\/?p=1221477"},"modified":"2021-02-19T21:48:20","modified_gmt":"2021-02-20T03:48:20","slug":"fge-vincula-a-proceso-a-feminicida-y-captura-a-un-ladron-en-tlapa","status":"publish","type":"post","link":"https:\/\/www.acapulcopress.com\/index.php\/2021\/02\/19\/fge-vincula-a-proceso-a-feminicida-y-captura-a-un-ladron-en-tlapa\/","title":{"rendered":"FGE vincula a proceso a feminicida y captura a un ladr\u00f3n en Tlapa"},"content":{"rendered":"<p style=\"text-align: justify;\">CHILPANCINGO. * 19 de febrero de 2021.<br \/>\n] https:\/\/fiscaliaguerrero.gob.mx.<\/p>\n<p style=\"text-align: justify;\">Al aportar el Ministerio P\u00fablico los datos de prueba, Marco Antonio \u00abN\u00bb fue vinculado a proceso como probable responsable del delito de Feminicidio, hecho cometido en el interior del Centro de Reinserci\u00f3n Social de Chilpancingo.<\/p>\n<p style=\"text-align: justify;\">La v\u00edctima ingres\u00f3 al Centro de Reinserci\u00f3n Social el d\u00eda 12 de enero del presente a\u00f1o, para permanecer con el imputado por un lapso de 5 horas, aprovechando este tiempo para privar de la vida a la v\u00edctima quien muri\u00f3 a causa de asfixia por estrangulamiento,dejando el imputado en un cuaderno un mensaje de lo sucedido, hechos en la carpeta judicial C-14\/2021.<\/p>\n<p style=\"text-align: justify;\"><img loading=\"lazy\" decoding=\"async\" class=\"alignleft size-medium wp-image-1221478\" src=\"https:\/\/www.acapulco.press\/wp-content\/uploads\/2021\/02\/FGE-FLORENTINO-ROBO-375x375.jpg\" alt=\"\" width=\"375\" height=\"375\" \/>En audiencia inicial, el Juez de Control y Enjuiciamiento Penal del Distrito Judicial de los Bravos resolvi\u00f3 dictar vinculaci\u00f3n a proceso en contra de Marco Antonio \u00abN\u00bb acusado del delito de Feminicidio,quedando firme la medida cautelar de prisi\u00f3n preventiva oficiosa por el tiempo que dure el proceso, concediendo cuatro meses de investigaci\u00f3n complementaria.<\/p>\n<p style=\"text-align: justify;\">La Fiscal\u00eda General del Estado continuar\u00e1 investigando los delitos del fuero com\u00fan y con especial seguimiento los cometidos en temas de igualdad de g\u00e9nero y menores de edad en el estado de Guerrero.<\/p>\n<p>LADR\u00d3N DE TLAPA<\/p>\n<p style=\"text-align: justify;\">La Fiscal\u00eda General del Estado a trav\u00e9s de la Polic\u00eda Investigadora Ministerial dio cumplimiento a la orden de aprehensi\u00f3n en contra de Alfredo \u00abN\u00bb, detenido en Tlapa de Comonfort como probable responsable del delito de Robo Equiparado de un veh\u00edculo, quedando a disposici\u00f3n del Juez de Control y Enjuiciamiento Penal.<\/p>\n","protected":false},"excerpt":{"rendered":"<p>CHILPANCINGO. * 19 de febrero de 2021. ] https:\/\/fiscaliaguerrero.gob.mx. Al aportar el Ministerio P\u00fablico los datos de prueba, Marco Antonio \u00abN\u00bb fue vinculado a proceso como probable responsable del delito de Feminicidio, hecho cometido en el interior del Centro de Reinserci\u00f3n Social de Chilpancingo. La v\u00edctima ingres\u00f3 al Centro de Reinserci\u00f3n Social el d\u00eda 12&#8230;<\/p>\n","protected":false},"author":2,"featured_media":1221479,"comment_status":"closed","ping_status":"closed","sticky":false,"template":"","format":"standard","meta":{"footnotes":""},"categories":[18561,2005],"tags":[2704,8682,10946,14737],"class_list":["post-1221477","post","type-post","status-publish","format-standard","has-post-thumbnail","hentry","category-society-politics","category-seguridad-y-justicia","tag-feminicidio","tag-fiscalia-general-de-guerrero-fge","tag-jorge-zuriel-de-los-santos-barrila","tag-policia-ministerial-de-guerrero"],"_links":{"self":[{"href":"https:\/\/www.acapulcopress.com\/index.php\/wp-json\/wp\/v2\/posts\/1221477","targetHints":{"allow":["GET"]}}],"collection":[{"href":"https:\/\/www.acapulcopress.com\/index.php\/wp-json\/wp\/v2\/posts"}],"about":[{"href":"https:\/\/www.acapulcopress.com\/index.php\/wp-json\/wp\/v2\/types\/post"}],"author":[{"embeddable":true,"href":"https:\/\/www.acapulcopress.com\/index.php\/wp-json\/wp\/v2\/users\/2"}],"replies":[{"embeddable":true,"href":"https:\/\/www.acapulcopress.com\/index.php\/wp-json\/wp\/v2\/comments?post=1221477"}],"version-history":[{"count":0,"href":"https:\/\/www.acapulcopress.com\/index.php\/wp-json\/wp\/v2\/posts\/1221477\/revisions"}],"wp:featuredmedia":[{"embeddable":true,"href":"https:\/\/www.acapulcopress.com\/index.php\/wp-json\/"}],"wp:attachment":[{"href":"https:\/\/www.acapulcopress.com\/index.php\/wp-json\/wp\/v2\/media?parent=1221477"}],"wp:term":[{"taxonomy":"category","embeddable":true,"href":"https:\/\/www.acapulcopress.com\/index.php\/wp-json\/wp\/v2\/categories?post=1221477"},{"taxonomy":"post_tag","embeddable":true,"href":"https:\/\/www.acapulcopress.com\/index.php\/wp-json\/wp\/v2\/tags?post=1221477"}],"curies":[{"name":"wp","href":"https:\/\/api.w.org\/{rel}","templated":true}]}}