{"id":1221484,"date":"2021-02-19T22:18:55","date_gmt":"2021-02-20T04:18:55","guid":{"rendered":"https:\/\/www.acapulcopress.com\/?p=1221484"},"modified":"2021-02-19T22:18:55","modified_gmt":"2021-02-20T04:18:55","slug":"guardia-nacional-contara-con-mismas-prestaciones-que-marina-y-sedena-presidente","status":"publish","type":"post","link":"https:\/\/www.acapulcopress.com\/index.php\/2021\/02\/19\/guardia-nacional-contara-con-mismas-prestaciones-que-marina-y-sedena-presidente\/","title":{"rendered":"Guardia Nacional contar\u00e1 con mismas prestaciones que Marina y Sedena | Presidente"},"content":{"rendered":"<p style=\"text-align: justify;\">CIUDAD DE M\u00c9XICO. * 19 de febrero de 2021.<br \/>\n<em>] Gobierno de M\u00e9xico.<\/em><\/p>\n<p style=\"text-align: justify;\">Al inaugurar las instalaciones de la Guardia Nacional en Hermosillo, Sonora, el presidente Andr\u00e9s Manuel L\u00f3pez Obrador anunci\u00f3 que habr\u00e1 mejoras a las condiciones de vida y laborales de los elementos de esta organizaci\u00f3n <img loading=\"lazy\" decoding=\"async\" class=\"alignleft size-medium wp-image-1221488\" src=\"https:\/\/www.acapulco.press\/wp-content\/uploads\/2021\/02\/GUARDIA-NACIONAL-375x250.jpg\" alt=\"\" width=\"375\" height=\"250\" \/>dedicada a la seguridad p\u00fablica.<\/p>\n<p style=\"text-align: justify;\">\u201cEstas instalaciones son para que los elementos de la Guardia Nacional puedan tener refugios, lugares seguros, dignos que les permitan cumplir sus funciones; (\u2026) nunca les van a faltar sus sueldos y vamos a procurar que tengan ingresos justos y seguridad social\u201d, afirm\u00f3.<\/p>\n<p style=\"text-align: justify;\">A\u00f1adi\u00f3 que el prop\u00f3sito del gobierno que encabeza es garantizar que las y los mexicanos que prestan sus servicios en la Guardia Nacional cuenten con las mismas prestaciones que las Fuerzas Armadas en todos los niveles.<\/p>\n<p style=\"text-align: justify;\"><img loading=\"lazy\" decoding=\"async\" class=\"alignleft size-medium wp-image-1221487\" src=\"https:\/\/www.acapulco.press\/wp-content\/uploads\/2021\/02\/AMLO-GUARDIA-NACIONAL-375x281.jpg\" alt=\"\" width=\"375\" height=\"281\" \/>\u201cQue sus familias tengan garantizada la atenci\u00f3n m\u00e9dica, que se pueda tener una pensi\u00f3n para el retiro, que los hijos tengan la posibilidad de recibir becas, que haya seguro de vida para que en caso de fallecer no queden en el abandono los familiares, todo eso lo debemos garantizar\u201d, reafirm\u00f3.<\/p>\n<p style=\"text-align: justify;\">El jefe del Ejecutivo reiter\u00f3 su reconocimiento al Ej\u00e9rcito Mexicano y la Marina por el apoyo que han dado para la construcci\u00f3n de la Guardia Nacional y garantizar la paz en el pa\u00eds.<\/p>\n<p style=\"text-align: justify;\">A la fecha, la corporaci\u00f3n se integra por cerca de 100 mil elementos operativos en activo, lo que representa cinco veces m\u00e1s que los elementos con los que contaba la Polic\u00eda Federal; actualmente tienen a su disposici\u00f3n 150 cuarteles en el pa\u00eds como el inaugurado hoy en este municipio.<\/p>\n<p style=\"text-align: justify;\">Se apoyar\u00e1 a Sonora con subsidio a la energ\u00eda el\u00e9ctrica, anuncia presidente<\/p>\n<p style=\"text-align: justify;\">El presidente L\u00f3pez Obrador se comprometi\u00f3 a apoyar a Sonora con subsidios al costo de la energ\u00eda el\u00e9ctrica para que sus habitantes puedan contar con sistemas de aire acondicionado a menor costo y no padecer las altas temperaturas que se viven en el estado.<\/p>\n<p style=\"text-align: justify;\">\u201cClaro que vamos a apoyar a Sonora con el subsidio a la luz, lo hemos a\u00f1o con a\u00f1o y lo vamos a hacer para que se apoyen los consumidores de la energ\u00eda el\u00e9ctrica por la situaci\u00f3n tan especial que se padece en Sonora por las altas temperaturas\u201d, anunci\u00f3.<\/p>\n<p style=\"text-align: justify;\">Acompa\u00f1aron al presidente, la gobernadora de Sonora, Claudia Artemiza Pavlovich Arellano; la secretaria de Seguridad y Protecci\u00f3n Ciudadana, Rosa Icela Rodr\u00edguez Vel\u00e1zquez; el secretario de Marina, Jos\u00e9 Rafael Ojeda Dur\u00e1n; el subsecretario de la Defensa Nacional, Andr\u00e9 Georges Foullon Van Lissum; los comandantes de la Guardia Nacional, Luis Rodr\u00edguez Bucio; de la 2da Regi\u00f3n Militar, Celestino \u00c1vila Astudillo y de la 4ta Zona Militar, Jorge Ambia Mineros; el coordinador estatal de la Guardia Nacional en Sonora, Benedicto Santamar\u00eda Gonz\u00e1lez y la presidenta municipal de Hermosillo, Celida Teresa L\u00f3pez C\u00e1rdenas.<\/p>\n","protected":false},"excerpt":{"rendered":"<p>CIUDAD DE M\u00c9XICO. * 19 de febrero de 2021. ] Gobierno de M\u00e9xico. Al inaugurar las instalaciones de la Guardia Nacional en Hermosillo, Sonora, el presidente Andr\u00e9s Manuel L\u00f3pez Obrador anunci\u00f3 que habr\u00e1 mejoras a las condiciones de vida y laborales de los elementos de esta organizaci\u00f3n dedicada a la seguridad p\u00fablica. \u201cEstas instalaciones son&#8230;<\/p>\n","protected":false},"author":2,"featured_media":1221489,"comment_status":"closed","ping_status":"closed","sticky":false,"template":"","format":"standard","meta":{"footnotes":""},"categories":[1969,1972,18574],"tags":[3896,7648,9532,12654],"class_list":["post-1221484","post","type-post","status-publish","format-standard","has-post-thumbnail","hentry","category-trending","category-special","category-gobierno-la-foto","tag-andres-manuel-lopez-obrador","tag-ejercito-mexicano","tag-guardia-nacional","tag-marina"],"_links":{"self":[{"href":"https:\/\/www.acapulcopress.com\/index.php\/wp-json\/wp\/v2\/posts\/1221484","targetHints":{"allow":["GET"]}}],"collection":[{"href":"https:\/\/www.acapulcopress.com\/index.php\/wp-json\/wp\/v2\/posts"}],"about":[{"href":"https:\/\/www.acapulcopress.com\/index.php\/wp-json\/wp\/v2\/types\/post"}],"author":[{"embeddable":true,"href":"https:\/\/www.acapulcopress.com\/index.php\/wp-json\/wp\/v2\/users\/2"}],"replies":[{"embeddable":true,"href":"https:\/\/www.acapulcopress.com\/index.php\/wp-json\/wp\/v2\/comments?post=1221484"}],"version-history":[{"count":0,"href":"https:\/\/www.acapulcopress.com\/index.php\/wp-json\/wp\/v2\/posts\/1221484\/revisions"}],"wp:featuredmedia":[{"embeddable":true,"href":"https:\/\/www.acapulcopress.com\/index.php\/wp-json\/"}],"wp:attachment":[{"href":"https:\/\/www.acapulcopress.com\/index.php\/wp-json\/wp\/v2\/media?parent=1221484"}],"wp:term":[{"taxonomy":"category","embeddable":true,"href":"https:\/\/www.acapulcopress.com\/index.php\/wp-json\/wp\/v2\/categories?post=1221484"},{"taxonomy":"post_tag","embeddable":true,"href":"https:\/\/www.acapulcopress.com\/index.php\/wp-json\/wp\/v2\/tags?post=1221484"}],"curies":[{"name":"wp","href":"https:\/\/api.w.org\/{rel}","templated":true}]}}