{"id":1221495,"date":"2021-02-19T22:30:12","date_gmt":"2021-02-20T04:30:12","guid":{"rendered":"https:\/\/www.acapulcopress.com\/?p=1221495"},"modified":"2021-02-19T22:30:12","modified_gmt":"2021-02-20T04:30:12","slug":"guerrero-continua-disminuyendo-la-incidencia-delictiva","status":"publish","type":"post","link":"https:\/\/www.acapulcopress.com\/index.php\/2021\/02\/19\/guerrero-continua-disminuyendo-la-incidencia-delictiva\/","title":{"rendered":"Guerrero contin\u00faa disminuyendo la incidencia delictiva"},"content":{"rendered":"<p style=\"text-align: justify;\">CHILPANCINGO. * 19 de febrero de 2021.<br \/>\n<em>] Gobierno de Guerrero.<\/em><\/p>\n<p style=\"text-align: justify;\">Guerrero se coloca en d\u00e9cimo lugar por cifras absolutas y en noveno lugar por cada 100 mil habitantes en el delito de homicidio doloso, mejorando la seguridad en el estado, lo inform\u00f3 la secretaria de Seguridad y Protecci\u00f3n Ciudadana federal, Rosa Icela Rodr\u00edguez.<\/p>\n<p style=\"text-align: justify;\">Al respecto, el gobernador H\u00e9ctor Astudillo Flores expres\u00f3 su reconocimiento a la Mesa de Coordinaci\u00f3n para la Construcci\u00f3n de la Paz por el trabajo a favor de la seguridad de los guerrerenses y en especial, a las fuerzas armadas al celebrarse el D\u00eda del Ej\u00e9rcito Mexicano, por su apoyo y solidaridad con Guerrero.<\/p>\n<p style=\"text-align: justify;\">\u201cQuiero felicitar a todos los elementos que integran la Secretar\u00eda de la Defensa Nacional en este d\u00eda 19 de febrero en que se celebra el D\u00eda del Ej\u00e9rcito Mexicano, reciban el reconocimiento del gobierno del estado, de todo el equipo del Ejecutivo por su trabajo, por su solidaridad con el estado de Guerrero, a todos los integrantes de la Defensa Nacional mi reconocimiento y agradecimiento por la ayuda que siempre nos han brindado\u201d, expres\u00f3.<\/p>\n<p style=\"text-align: justify;\">El secretario de Seguridad P\u00fablica, David Portillo Menchaca, destac\u00f3 que Guerrero est\u00e1 alejado de los seis estados que registraron mayor incidencia delictiva respecto a la actividad diaria, gracias a la estrategia de seguridad coordinada por el gobernador H\u00e9ctor Astudillo Flores y las autoridades de la Mesa de Coordinaci\u00f3n para la Construcci\u00f3n de la Paz.<\/p>\n<p style=\"text-align: justify;\">Cabe mencionar que la secretaria de Seguridad y Protecci\u00f3n Ciudadana, Rosa Icela Rodr\u00edguez, destac\u00f3 que en 10 de los 15 municipios de atenci\u00f3n prioritaria en materia de seguridad en el pa\u00eds, entre ellos Acapulco, se report\u00f3 en enero del 2021 una disminuci\u00f3n de 8.1 por ciento en comparaci\u00f3n con el mismo periodo de 2020.<\/p>\n<p style=\"text-align: justify;\">l presidente de la Comisi\u00f3n Estatal de Derechos Humanos, Ram\u00f3n Navarrete Magdeleno, a nombre del padre de Wendolyne \u201cN\u201d, expres\u00f3 el agradecimiento al gobernador H\u00e9ctor Astudillo y a la Fiscal\u00eda General del Estado por su inter\u00e9s y el trabajo para lograr localizar con vida y a salvo a la menor despu\u00e9s de haber sido reportada como desaparecida.<\/p>\n<p style=\"text-align: justify;\">La sesi\u00f3n de la Mesa de Coordinaci\u00f3n para la Construcci\u00f3n de la Paz, se realiz\u00f3 de manera presencial y virtual, desde la 35 Zona Militar en Chilpancingo, donde el secretario de Seguridad P\u00fablica, inform\u00f3 de los logros en las diversas detenciones realizadas en Iguala en coordinaci\u00f3n con la Fiscal\u00eda General del estado, as\u00ed como la Guardia Nacional y el Ej\u00e9rcito Mexicano, como parte del operativo de atenci\u00f3n especial a esa ciudad para inhibir los actos delictivos.<\/p>\n<p style=\"text-align: justify;\">El vicefiscal de Investigaci\u00f3n, H\u00e9ctor Calleja Paniagua, inform\u00f3 del seguimiento a las investigaciones en los hechos registrados en el estado durante las \u00faltimas 24 horas, a fin de esclarecer los homicidios y transitar en la ruta del combate a la impunidad en Guerrero.<\/p>\n<p style=\"text-align: justify;\">Estuvieron presentes el secretario General de Gobierno, Florencio Salazar Adame; el comandante de la Novena Regi\u00f3n Militar, Eufemio Alberto Ibarra Flores; el comandante de la 35 zona Militar, Miguel \u00c1ngel Aguirre Lara; el comandante de la 27 zona Militar, Federico San Juan Rosales; el comandante de la Octava Regi\u00f3n Naval, Julio C\u00e9sar Pescina \u00c1vila; el coordinador estatal de la Guardia Nacional, Lucio Vergara G\u00f3mez; el delegado de la FGR, Fernando Garc\u00eda Fern\u00e1ndez.<\/p>\n<p style=\"text-align: justify;\">El delegado federal en Guerrero, Iv\u00e1n Hern\u00e1ndez D\u00edaz; el presidente de la Coparmex Chilpancingo, Joel Moreno Temelo; el subsecretario de Asuntos Pol\u00edticos, Mart\u00edn Maldonado del Moral; el secretario T\u00e9cnico de la Mesa de Coordinaci\u00f3n Estatal, Hermes Teodoro Gonz\u00e1lez; el representante del Centro Nacional de Inteligencia, Juan Gabriel Sosa Pintos, entre otros funcionarios estatales y federales.<\/p>\n<p><img loading=\"lazy\" decoding=\"async\" class=\"alignnone wp-image-1221496 \" src=\"https:\/\/www.acapulco.press\/wp-content\/uploads\/2021\/02\/HAF-DELITOS.jpeg\" alt=\"\" width=\"819\" height=\"457\" \/><\/p>\n","protected":false},"excerpt":{"rendered":"<p>CHILPANCINGO. * 19 de febrero de 2021. ] Gobierno de Guerrero. Guerrero se coloca en d\u00e9cimo lugar por cifras absolutas y en noveno lugar por cada 100 mil habitantes en el delito de homicidio doloso, mejorando la seguridad en el estado, lo inform\u00f3 la secretaria de Seguridad y Protecci\u00f3n Ciudadana federal, Rosa Icela Rodr\u00edguez. Al&#8230;<\/p>\n","protected":false},"author":2,"featured_media":1221497,"comment_status":"closed","ping_status":"closed","sticky":false,"template":"","format":"standard","meta":{"footnotes":""},"categories":[18573,1983],"tags":[],"class_list":["post-1221495","post","type-post","status-publish","format-standard","has-post-thumbnail","hentry","category-goverment","category-guerrerogob"],"_links":{"self":[{"href":"https:\/\/www.acapulcopress.com\/index.php\/wp-json\/wp\/v2\/posts\/1221495","targetHints":{"allow":["GET"]}}],"collection":[{"href":"https:\/\/www.acapulcopress.com\/index.php\/wp-json\/wp\/v2\/posts"}],"about":[{"href":"https:\/\/www.acapulcopress.com\/index.php\/wp-json\/wp\/v2\/types\/post"}],"author":[{"embeddable":true,"href":"https:\/\/www.acapulcopress.com\/index.php\/wp-json\/wp\/v2\/users\/2"}],"replies":[{"embeddable":true,"href":"https:\/\/www.acapulcopress.com\/index.php\/wp-json\/wp\/v2\/comments?post=1221495"}],"version-history":[{"count":0,"href":"https:\/\/www.acapulcopress.com\/index.php\/wp-json\/wp\/v2\/posts\/1221495\/revisions"}],"wp:featuredmedia":[{"embeddable":true,"href":"https:\/\/www.acapulcopress.com\/index.php\/wp-json\/"}],"wp:attachment":[{"href":"https:\/\/www.acapulcopress.com\/index.php\/wp-json\/wp\/v2\/media?parent=1221495"}],"wp:term":[{"taxonomy":"category","embeddable":true,"href":"https:\/\/www.acapulcopress.com\/index.php\/wp-json\/wp\/v2\/categories?post=1221495"},{"taxonomy":"post_tag","embeddable":true,"href":"https:\/\/www.acapulcopress.com\/index.php\/wp-json\/wp\/v2\/tags?post=1221495"}],"curies":[{"name":"wp","href":"https:\/\/api.w.org\/{rel}","templated":true}]}}