{"id":1221502,"date":"2021-02-19T22:39:32","date_gmt":"2021-02-20T04:39:32","guid":{"rendered":"https:\/\/www.acapulcopress.com\/?p=1221502"},"modified":"2021-02-19T22:39:32","modified_gmt":"2021-02-20T04:39:32","slug":"hospital-militar-de-chilpancingo-recibe-condecoracion-miguel-hidalgo","status":"publish","type":"post","link":"https:\/\/www.acapulcopress.com\/index.php\/2021\/02\/19\/hospital-militar-de-chilpancingo-recibe-condecoracion-miguel-hidalgo\/","title":{"rendered":"Hospital Militar de Chilpancingo recibe condecoraci\u00f3n \u201cMiguel Hidalgo\u201d"},"content":{"rendered":"<p style=\"text-align: justify;\">CHILPANCINGO. * 19 de febrero de 2021.<br \/>\n<em>] Gobierno de Guerrero.<\/em><\/p>\n<p style=\"text-align: justify;\">El gobernador H\u00e9ctor Astudillo Flores asisti\u00f3 como invitado especial a la ceremonia de develaci\u00f3n de la condecoraci\u00f3n \u201cMiguel Hidalgo\u201d en grado Placa, m\u00e1ximo galard\u00f3n que otorga el Estado Mexicano\u201d, la cual se entreg\u00f3 al Hospital Regional Militar de Chilpancingo.<\/p>\n<p style=\"text-align: justify;\">Lo anterior en reconocimiento al personal de esta unidad m\u00e9dica por su contribuci\u00f3n a salvar vidas durante la <img loading=\"lazy\" decoding=\"async\" class=\"alignleft size-medium wp-image-1221504\" src=\"https:\/\/www.acapulco.press\/wp-content\/uploads\/2021\/02\/Hospital-Militar-Regional-de-Chilpancingo2-375x248.jpeg\" alt=\"\" width=\"375\" height=\"248\" \/>pandemia por el Covid-19, evento al que asistieron el comandante de la Novena Regi\u00f3n Militar, Eufemio Ibarra Flores; el comandante de la Octava Regi\u00f3n Naval, Julio C\u00e9sar Pescina \u00c1vila; el secretario general de Gobierno, Florencio Salazar Adame; el secretario de Salud, Carlos de la Pe\u00f1a Pintos.<\/p>\n<p style=\"text-align: justify;\">Al pronunciar el discurso oficial, el director del Hospital Militar Regional, Francisco Javier Molina Madera, indic\u00f3 que con esta condecoraci\u00f3n se reconoce la noble labor de personal m\u00e9dico, enfermeras y todos los que laboran en los hospitales.<\/p>\n<p style=\"text-align: justify;\">\u201cLa condecoraci\u00f3n Miguel Hidalgo es la m\u00e1s alta presea que otorga el Estado Mexicano, por lo cual es un gran honor poder agradecer a quienes por su valent\u00eda, profesionalismo, entrega y abnegaci\u00f3n trabajan d\u00eda a d\u00eda en favor de la salud y en contra del Covid\u201d, se\u00f1al\u00f3.<\/p>\n<p style=\"text-align: justify;\">Reafirm\u00f3 el compromiso de este Hospital Militar Regional ubicado en Chilpancingo para seguir apoyando a las y los guerrerenses que necesiten de sus servicios con calidad y calidez.<\/p>\n","protected":false},"excerpt":{"rendered":"<p>CHILPANCINGO. * 19 de febrero de 2021. ] Gobierno de Guerrero. El gobernador H\u00e9ctor Astudillo Flores asisti\u00f3 como invitado especial a la ceremonia de develaci\u00f3n de la condecoraci\u00f3n \u201cMiguel Hidalgo\u201d en grado Placa, m\u00e1ximo galard\u00f3n que otorga el Estado Mexicano\u201d, la cual se entreg\u00f3 al Hospital Regional Militar de Chilpancingo. Lo anterior en reconocimiento al&#8230;<\/p>\n","protected":false},"author":2,"featured_media":1221503,"comment_status":"closed","ping_status":"closed","sticky":false,"template":"","format":"standard","meta":{"footnotes":""},"categories":[18573,1983],"tags":[9705,9885],"class_list":["post-1221502","post","type-post","status-publish","format-standard","has-post-thumbnail","hentry","category-goverment","category-guerrerogob","tag-hector-astudillo-flores","tag-hospital-regional-militar-de-chilpancingo"],"_links":{"self":[{"href":"https:\/\/www.acapulcopress.com\/index.php\/wp-json\/wp\/v2\/posts\/1221502","targetHints":{"allow":["GET"]}}],"collection":[{"href":"https:\/\/www.acapulcopress.com\/index.php\/wp-json\/wp\/v2\/posts"}],"about":[{"href":"https:\/\/www.acapulcopress.com\/index.php\/wp-json\/wp\/v2\/types\/post"}],"author":[{"embeddable":true,"href":"https:\/\/www.acapulcopress.com\/index.php\/wp-json\/wp\/v2\/users\/2"}],"replies":[{"embeddable":true,"href":"https:\/\/www.acapulcopress.com\/index.php\/wp-json\/wp\/v2\/comments?post=1221502"}],"version-history":[{"count":0,"href":"https:\/\/www.acapulcopress.com\/index.php\/wp-json\/wp\/v2\/posts\/1221502\/revisions"}],"wp:featuredmedia":[{"embeddable":true,"href":"https:\/\/www.acapulcopress.com\/index.php\/wp-json\/"}],"wp:attachment":[{"href":"https:\/\/www.acapulcopress.com\/index.php\/wp-json\/wp\/v2\/media?parent=1221502"}],"wp:term":[{"taxonomy":"category","embeddable":true,"href":"https:\/\/www.acapulcopress.com\/index.php\/wp-json\/wp\/v2\/categories?post=1221502"},{"taxonomy":"post_tag","embeddable":true,"href":"https:\/\/www.acapulcopress.com\/index.php\/wp-json\/wp\/v2\/tags?post=1221502"}],"curies":[{"name":"wp","href":"https:\/\/api.w.org\/{rel}","templated":true}]}}