{"id":1221510,"date":"2021-02-19T22:50:38","date_gmt":"2021-02-20T04:50:38","guid":{"rendered":"https:\/\/www.acapulcopress.com\/?p=1221510"},"modified":"2021-02-19T22:50:38","modified_gmt":"2021-02-20T04:50:38","slug":"ejercito-mexicano-gran-aliado-del-pueblo-de-mexico-y-de-guerrero-hector-astudillo","status":"publish","type":"post","link":"https:\/\/www.acapulcopress.com\/index.php\/2021\/02\/19\/ejercito-mexicano-gran-aliado-del-pueblo-de-mexico-y-de-guerrero-hector-astudillo\/","title":{"rendered":"Ej\u00e9rcito Mexicano, gran aliado del pueblo de M\u00e9xico y de Guerrero: H\u00e9ctor Astudillo"},"content":{"rendered":"<p style=\"text-align: justify;\">CHILPANCINGO. * 19 de febrero de 2021.<br \/>\n<em>] Gobierno de Guerrero.<\/em><\/p>\n<p style=\"text-align: justify;\">Al encabezar un desayuno en el marco del D\u00eda del Ej\u00e9rcito Mexicano, el gobernador H\u00e9ctor Astudillo Flores agradeci\u00f3 a todas y todos los integrantes de la instituci\u00f3n armada por su contribuci\u00f3n para mantener la gobernabilidad y el menor \u00edndice delictivo en Guerrero.<\/p>\n<p style=\"text-align: justify;\">El ejecutivo guerrerense, acompa\u00f1ado del comandante de la Novena Regi\u00f3n Militar, Eufemio Ibarra Flores; el comandante de la Octava Regi\u00f3n Naval, Julio C\u00e9sar Pescina \u00c1vila; el coordinador estatal de la Guardia Nacional en Guerrero, Lucio Vergara G\u00f3mez; el jefe de Estado Mayor de la 35 zona militar, Alfredo Montiel God\u00ednez; el secretario <img loading=\"lazy\" decoding=\"async\" class=\"alignleft size-medium wp-image-1221511\" src=\"https:\/\/www.acapulco.press\/wp-content\/uploads\/2021\/02\/HAF-EJERCITO-2-375x250.jpeg\" alt=\"\" width=\"375\" height=\"250\" \/>General de Gobierno, Florencio Salazar Adame, reconoci\u00f3 que el Ej\u00e9rcito juega un papel muy importante en materia de seguridad interior y exterior, pero tambi\u00e9n en los momentos de emergencia por desastres naturales.<\/p>\n<p style=\"text-align: justify;\">\u201cCuando el estado del tiempo se torna complejo, es sin duda el Ej\u00e9rcito Mexicano un gran aliado del pueblo de M\u00e9xico, c\u00f3mo se ha dicho, el Ej\u00e9rcito Mexicano es el pueblo de M\u00e9xico uniformado\u201d.<\/p>\n<p style=\"text-align: justify;\">En ese sentido se\u00f1al\u00f3 que siempre les tendr\u00e1 agradecimiento porque ha contado con todo el apoyo de parte de la instituci\u00f3n en sus poco m\u00e1s de cinco a\u00f1os de administraci\u00f3n.<\/p>\n<p style=\"text-align: justify;\">\u201cSomos un estado que llevamos poco m\u00e1s de 5 a\u00f1os de estabilidad, de gobernabilidad y en parte importante se debe a que las instituciones federales nos han ayudado, ah\u00ed hemos encontrado a la Defensa Nacional, tambi\u00e9n hemos encontrado a la Marina y hoy encontramos a la Guardia Nacional\u201d, apunt\u00f3.<\/p>\n<p style=\"text-align: justify;\">Admiti\u00f3 que Guerrero es un estado con problemas y conflictos, los cuales se enfrentan todos los d\u00edas coordinadamente con la federaci\u00f3n: \u201cPero de lo que no quiero que tengan ustedes duda es de mi enorme agradecimiento y reconocimiento a su colaboraci\u00f3n\u201d.<\/p>\n<p style=\"text-align: justify;\">Agreg\u00f3 que los hechos delictivos, gracias al apoyo de las fuerzas federales han ido a la baja y Guerrero ya se alej\u00f3 de los primero lugares en inseguridad.<\/p>\n<p style=\"text-align: justify;\">\u201cEso no ha sido algo nada sencillo, ha requerido una gran coordinaci\u00f3n institucional con la federaci\u00f3n, con la Secretar\u00eda de la Defensa Nacional, con la Secretar\u00eda de Marina, con la Guardia Nacional y con nuestras instituciones locales\u201d.<\/p>\n<p style=\"text-align: justify;\">Astudillo Flores refiri\u00f3 que la consistencia pero tambi\u00e9n la dignidad son caracter\u00edsticas de las mujeres y hombres que integran el Ej\u00e9rcito Mexicano.<\/p>\n<p style=\"text-align: justify;\">\u201cLes expreso mi m\u00e1s amplia felicitaci\u00f3n y les pido un gran favor, si hoy encuentran a un compa\u00f1ero y le dicen oye y c\u00f3mo estuvo ese encuentro a d\u00f3nde fueron, d\u00edganles, el gobernador nos dio las gracias por todo lo que le hemos ayudado a este estado para salir adelante\u201d, puntualiz\u00f3.<\/p>\n","protected":false},"excerpt":{"rendered":"<p>CHILPANCINGO. * 19 de febrero de 2021. ] Gobierno de Guerrero. Al encabezar un desayuno en el marco del D\u00eda del Ej\u00e9rcito Mexicano, el gobernador H\u00e9ctor Astudillo Flores agradeci\u00f3 a todas y todos los integrantes de la instituci\u00f3n armada por su contribuci\u00f3n para mantener la gobernabilidad y el menor \u00edndice delictivo en Guerrero. El ejecutivo&#8230;<\/p>\n","protected":false},"author":2,"featured_media":1221512,"comment_status":"closed","ping_status":"closed","sticky":false,"template":"","format":"standard","meta":{"footnotes":""},"categories":[18573,1983],"tags":[7196,7648,9705],"class_list":["post-1221510","post","type-post","status-publish","format-standard","has-post-thumbnail","hentry","category-goverment","category-guerrerogob","tag-dia-del-ejercito-mexicano","tag-ejercito-mexicano","tag-hector-astudillo-flores"],"_links":{"self":[{"href":"https:\/\/www.acapulcopress.com\/index.php\/wp-json\/wp\/v2\/posts\/1221510","targetHints":{"allow":["GET"]}}],"collection":[{"href":"https:\/\/www.acapulcopress.com\/index.php\/wp-json\/wp\/v2\/posts"}],"about":[{"href":"https:\/\/www.acapulcopress.com\/index.php\/wp-json\/wp\/v2\/types\/post"}],"author":[{"embeddable":true,"href":"https:\/\/www.acapulcopress.com\/index.php\/wp-json\/wp\/v2\/users\/2"}],"replies":[{"embeddable":true,"href":"https:\/\/www.acapulcopress.com\/index.php\/wp-json\/wp\/v2\/comments?post=1221510"}],"version-history":[{"count":0,"href":"https:\/\/www.acapulcopress.com\/index.php\/wp-json\/wp\/v2\/posts\/1221510\/revisions"}],"wp:featuredmedia":[{"embeddable":true,"href":"https:\/\/www.acapulcopress.com\/index.php\/wp-json\/"}],"wp:attachment":[{"href":"https:\/\/www.acapulcopress.com\/index.php\/wp-json\/wp\/v2\/media?parent=1221510"}],"wp:term":[{"taxonomy":"category","embeddable":true,"href":"https:\/\/www.acapulcopress.com\/index.php\/wp-json\/wp\/v2\/categories?post=1221510"},{"taxonomy":"post_tag","embeddable":true,"href":"https:\/\/www.acapulcopress.com\/index.php\/wp-json\/wp\/v2\/tags?post=1221510"}],"curies":[{"name":"wp","href":"https:\/\/api.w.org\/{rel}","templated":true}]}}